{"id":30662,"date":"2024-11-20T10:00:00","date_gmt":"2024-11-20T07:00:00","guid":{"rendered":"https:\/\/rockvell.com\/?p=30662"},"modified":"2024-11-20T18:47:46","modified_gmt":"2024-11-20T15:47:46","slug":"dunya-s%c9%99yah%c9%99t-v%c9%99-turizm-surasi-wttc-t%c9%99r%c9%99find%c9%99n-s%c9%99yah%c9%99t-v%c9%99-turizm-uzr%c9%99-net-sifir-yol-x%c9%99rit%c9%99si","status":"publish","type":"post","link":"https:\/\/rockvell.com\/?p=30662","title":{"rendered":"D\u00fcnya S\u0259yah\u0259t v\u0259 Turizm \u015euras\u0131 (WTTC) t\u0259r\u0259find\u0259n \u201cS\u0259yah\u0259t v\u0259 Turizm \u00fczr\u0259 Net S\u0131f\u0131r Yol X\u0259rit\u0259si\u201d"},"content":{"rendered":"\n<p class=\"has-medium-font-size\"><strong>D\u00fcnya S\u0259yah\u0259t v\u0259 Turizm \u015euras\u0131 (WTTC) t\u0259r\u0259find\u0259n \u201cS\u0259yah\u0259t v\u0259 Turizm \u00fczr\u0259 Net S\u0131f\u0131r Yol X\u0259rit\u0259si\u201d t\u0259qdim olunub<\/strong><\/p>\n\n\n\n<p>COP29-da \u201cTurizm g\u00fcn\u00fc\u201d \u00e7\u0259r\u00e7iv\u0259sind\u0259 D\u00f6vl\u0259t Turizm Agentliyinin d\u0259st\u0259yi il\u0259 D\u00fcnya S\u0259yah\u0259t v\u0259 Turizm \u015euras\u0131 (WTTC) t\u0259r\u0259find\u0259n \u201cS\u0259yah\u0259t v\u0259 Turizm \u00fczr\u0259 Net S\u0131f\u0131r Yol X\u0259rit\u0259si\u201dnin ikinci n\u0259\u015fri t\u0259qdim edilib.<\/p>\n\n\n<div class=\"wp-block-image\">\n<figure class=\"aligncenter size-large is-resized\"><img loading=\"lazy\" decoding=\"async\" width=\"1024\" height=\"682\" src=\"https:\/\/rockvell.com\/wp-content\/uploads\/2024\/11\/WhatsApp-Image-2024-11-20-at-17.26.51-1024x682.jpeg\" alt=\"\" class=\"wp-image-30663\" style=\"width:488px;height:auto\" srcset=\"https:\/\/rockvell.com\/wp-content\/uploads\/2024\/11\/WhatsApp-Image-2024-11-20-at-17.26.51-1024x682.jpeg 1024w, https:\/\/rockvell.com\/wp-content\/uploads\/2024\/11\/WhatsApp-Image-2024-11-20-at-17.26.51-300x200.jpeg 300w, https:\/\/rockvell.com\/wp-content\/uploads\/2024\/11\/WhatsApp-Image-2024-11-20-at-17.26.51-768x512.jpeg 768w, https:\/\/rockvell.com\/wp-content\/uploads\/2024\/11\/WhatsApp-Image-2024-11-20-at-17.26.51-1536x1023.jpeg 1536w, https:\/\/rockvell.com\/wp-content\/uploads\/2024\/11\/WhatsApp-Image-2024-11-20-at-17.26.51-360x240.jpeg 360w, https:\/\/rockvell.com\/wp-content\/uploads\/2024\/11\/WhatsApp-Image-2024-11-20-at-17.26.51.jpeg 1600w\" sizes=\"(max-width: 1024px) 100vw, 1024px\" \/><\/figure><\/div>\n\n\n<p>\u201cS\u0259yah\u0259t v\u0259 Turizm \u00fczr\u0259 Net S\u0131f\u0131r Yol X\u0259rit\u0259si\u201d 2021-ci ild\u0259 COP26-da \u00e7\u0259r\u00e7iv\u0259sind\u0259 Qlazqo \u015f\u0259h\u0259rind\u0259 t\u0259qdim olunan ilk yol x\u0259rit\u0259sinin t\u0259kmill\u0259\u015fdirilmi\u015f dekarbonizasiya s\u0259n\u0259di kimi turizm sektorunun 2050-ci il\u0259 q\u0259d\u0259r \u201cnet s\u0131f\u0131r\u201d (Net Zero) m\u0259qs\u0259din\u0259 \u00e7atmaq \u00fc\u00e7\u00fcn iqlim f\u0259aliyy\u0259tinin t\u0259cili oldu\u011funu diqq\u0259t\u0259 \u00e7atd\u0131r\u0131r.<\/p>\n\n\n\n<p>D\u00f6vl\u0259t Turizm Agentliyinin d\u0259st\u0259yi il\u0259 n\u0259\u015fr olunan hesabatda t\u0259hlil edil\u0259n 250 turizm \u015firk\u0259tinin 53%-nin art\u0131q iqlim h\u0259d\u0259fl\u0259rini m\u00fc\u0259yy\u0259n etdiyi, bunun 2021-ci ild\u0259 n\u0259\u015fr olunan ilk hesabatla m\u00fcqayis\u0259d\u0259 42% art\u0131m oldu\u011fu qeyd olunur. Hesabata \u0259sas\u0259n qlobal s\u0259yah\u0259t\u00e7il\u0259rin 75%-i daha dayan\u0131ql\u0131 s\u0259yah\u0259t etm\u0259k ist\u0259kl\u0259rini ifad\u0259 edirl\u0259r.<\/p>\n\n\n\n<p>T\u0259dbird\u0259 D\u00f6vl\u0259t Turizm Agentliyinin Aparat r\u0259hb\u0259ri K\u0259nan Qas\u0131mov bildirib ki, t\u0259qdim olunan hesabat aviasiyadan hotel\u00e7iliy\u0259 q\u0259d\u0259r turizml\u0259 birba\u015fa v\u0259 dolay\u0131s\u0131 il\u0259 \u0259laq\u0259li olan sah\u0259l\u0259rd\u0259 emissiyalar\u0131n azald\u0131lmas\u0131 \u00fczr\u0259 yol x\u0259rit\u0259sini t\u0259qdim edir. O, Az\u0259rbaycan\u0131n COP29-a s\u0259drliyi \u00e7\u0259r\u00e7iv\u0259sind\u0259 turizmin beyn\u0259lxalq iqlim m\u00fczakir\u0259l\u0259rin\u0259 daxil edilm\u0259sini qlobal turizm s\u0259nayesi \u00fc\u00e7\u00fcn m\u00fch\u00fcm u\u011fur oldu\u011funu, turizm sah\u0259sind\u0259 dayan\u0131ql\u0131l\u0131q t\u0259cr\u00fcb\u0259l\u0259rinin milli strategiyalara t\u0259tbiqinin, qlobal iqlim m\u0259qs\u0259dl\u0259rin\u0259 uy\u011funla\u015fan, h\u0259m\u00e7inin t\u0259bii irsimizi qoruyaraq yerli icmalar\u0131 d\u0259st\u0259kl\u0259y\u0259n yana\u015fman\u0131n \u00f6n\u0259mini vur\u011fulay\u0131b.<\/p>\n\n\n\n<p>D\u00fcnya S\u0259yah\u0259t v\u0259 Turizm \u015euras\u0131n\u0131n prezidenti v\u0259 ba\u015f icra\u00e7\u0131 direktoru Culia Simpson \u00e7\u0131x\u0131\u015f\u0131nda yenil\u0259nmi\u015f yol x\u0259rit\u0259sinin turizm v\u0259 s\u0259yah\u0259t biznesi \u00fc\u00e7\u00fcn bir \u00e7a\u011f\u0131r\u0131\u015f oldu\u011funu, planetimizi qorumaq v\u0259 turizmin davaml\u0131 v\u0259 dayan\u0131ql\u0131 bir d\u00fcnya \u00fc\u00e7\u00fcn d\u0259st\u0259yini t\u0259min etm\u0259k \u00fc\u00e7\u00fcn birg\u0259 t\u0259cili add\u0131mlar\u0131n vacib oldu\u011funu qeyd edib.<br>Hesabatda son \u00fc\u00e7 il \u0259rzind\u0259 qlobal turizm s\u0259nayesi \u00fczr\u0259 iqlim h\u0259d\u0259fl\u0259rinin m\u00fc\u0259yy\u0259nl\u0259\u015fdirilm\u0259sind\u0259 27% art\u0131m\u0131n m\u00fc\u015fahid\u0259 olundu\u011fu v\u0259 onlar\u0131n yar\u0131dan \u00e7oxunun emissiyalar\u0131n azald\u0131lmas\u0131 \u00f6hd\u0259liyin\u0259 f\u0259al \u015f\u0259kild\u0259 sadiq qald\u0131\u011f\u0131 vur\u011fulan\u0131r.<\/p>\n\n\n\n<p>Hesabatda qeyd olunan D\u00fcnya S\u0259yah\u0259t v\u0259 Turizm \u015euras\u0131n\u0131n \u201c\u018ftraf m\u00fchit v\u0259 sosial ara\u015fd\u0131rmalar s\u0259n\u0259di\u201dn\u0259 \u0259sas\u0259n 2023-c\u00fc ild\u0259 s\u0259yah\u0259t v\u0259 turizm sah\u0259si qlobal emissiyalar\u0131n 6.5%-ni t\u0259\u015fkil edib ki, bu da 2019-cu ild\u0259ki \u0259n y\u00fcks\u0259k 7.8%-lik g\u00f6st\u0259rici \u00fczr\u0259 azalman\u0131, el\u0259c\u0259 d\u0259 sektorun istixana qazlar\u0131n\u0131n intensivliyind\u0259ki 10.2%-lik azalman\u0131 g\u00f6st\u0259rir. El\u0259c\u0259 d\u0259 2023-c\u00fc ild\u0259 aviasiya sektoru \u00fczr\u0259 karbon intensivliyinin 2019-cu ill\u0259 m\u00fcqayis\u0259d\u0259 6%, kruiz s\u0259yah\u0259tl\u0259ri v\u0259 hotel\u00e7ilik s\u0259nayel\u0259rinin h\u0259r biri \u00fczr\u0259 11% azalma m\u00fc\u015fahid\u0259 olundu\u011fu qeyd olunur.<\/p>\n\n\n\n<figure class=\"wp-block-gallery aligncenter has-nested-images columns-default is-cropped wp-block-gallery-1 is-layout-flex wp-block-gallery-is-layout-flex\">\n<figure class=\"wp-block-image size-large\"><a href=\"https:\/\/rockvell.com\/wp-content\/uploads\/2024\/11\/WhatsApp-Image-2024-11-20-at-17.26.53.jpeg\" target=\"_blank\" rel=\"noopener\" data-rel=\"lightbox-gallery-TCcriy7K\" data-rl_title=\"\" data-rl_caption=\"\" title=\"\"><img loading=\"lazy\" decoding=\"async\" width=\"1024\" height=\"682\" data-id=\"30664\" src=\"https:\/\/rockvell.com\/wp-content\/uploads\/2024\/11\/WhatsApp-Image-2024-11-20-at-17.26.53-1024x682.jpeg\" alt=\"\" class=\"wp-image-30664\" srcset=\"https:\/\/rockvell.com\/wp-content\/uploads\/2024\/11\/WhatsApp-Image-2024-11-20-at-17.26.53-1024x682.jpeg 1024w, https:\/\/rockvell.com\/wp-content\/uploads\/2024\/11\/WhatsApp-Image-2024-11-20-at-17.26.53-300x200.jpeg 300w, https:\/\/rockvell.com\/wp-content\/uploads\/2024\/11\/WhatsApp-Image-2024-11-20-at-17.26.53-768x512.jpeg 768w, https:\/\/rockvell.com\/wp-content\/uploads\/2024\/11\/WhatsApp-Image-2024-11-20-at-17.26.53-1536x1023.jpeg 1536w, https:\/\/rockvell.com\/wp-content\/uploads\/2024\/11\/WhatsApp-Image-2024-11-20-at-17.26.53-360x240.jpeg 360w, https:\/\/rockvell.com\/wp-content\/uploads\/2024\/11\/WhatsApp-Image-2024-11-20-at-17.26.53.jpeg 1600w\" sizes=\"(max-width: 1024px) 100vw, 1024px\" \/><\/a><\/figure>\n\n\n\n<figure class=\"wp-block-image size-large\"><a href=\"https:\/\/rockvell.com\/wp-content\/uploads\/2024\/11\/WhatsApp-Image-2024-11-20-at-17.26.51-1.jpeg\" target=\"_blank\" rel=\"noopener\" data-rel=\"lightbox-gallery-TCcriy7K\" data-rl_title=\"\" data-rl_caption=\"\" title=\"\"><img loading=\"lazy\" decoding=\"async\" width=\"1024\" height=\"682\" data-id=\"30666\" src=\"https:\/\/rockvell.com\/wp-content\/uploads\/2024\/11\/WhatsApp-Image-2024-11-20-at-17.26.51-1-1024x682.jpeg\" alt=\"\" class=\"wp-image-30666\" srcset=\"https:\/\/rockvell.com\/wp-content\/uploads\/2024\/11\/WhatsApp-Image-2024-11-20-at-17.26.51-1-1024x682.jpeg 1024w, https:\/\/rockvell.com\/wp-content\/uploads\/2024\/11\/WhatsApp-Image-2024-11-20-at-17.26.51-1-300x200.jpeg 300w, https:\/\/rockvell.com\/wp-content\/uploads\/2024\/11\/WhatsApp-Image-2024-11-20-at-17.26.51-1-768x512.jpeg 768w, https:\/\/rockvell.com\/wp-content\/uploads\/2024\/11\/WhatsApp-Image-2024-11-20-at-17.26.51-1-1536x1023.jpeg 1536w, https:\/\/rockvell.com\/wp-content\/uploads\/2024\/11\/WhatsApp-Image-2024-11-20-at-17.26.51-1-360x240.jpeg 360w, https:\/\/rockvell.com\/wp-content\/uploads\/2024\/11\/WhatsApp-Image-2024-11-20-at-17.26.51-1.jpeg 1600w\" sizes=\"(max-width: 1024px) 100vw, 1024px\" \/><\/a><\/figure>\n\n\n\n<figure class=\"wp-block-image size-large\"><a href=\"https:\/\/rockvell.com\/wp-content\/uploads\/2024\/11\/WhatsApp-Image-2024-11-20-at-17.26.52.jpeg\" target=\"_blank\" rel=\"noopener\" data-rel=\"lightbox-gallery-TCcriy7K\" data-rl_title=\"\" data-rl_caption=\"\" title=\"\"><img loading=\"lazy\" decoding=\"async\" width=\"1024\" height=\"682\" data-id=\"30665\" src=\"https:\/\/rockvell.com\/wp-content\/uploads\/2024\/11\/WhatsApp-Image-2024-11-20-at-17.26.52-1024x682.jpeg\" alt=\"\" class=\"wp-image-30665\" srcset=\"https:\/\/rockvell.com\/wp-content\/uploads\/2024\/11\/WhatsApp-Image-2024-11-20-at-17.26.52-1024x682.jpeg 1024w, https:\/\/rockvell.com\/wp-content\/uploads\/2024\/11\/WhatsApp-Image-2024-11-20-at-17.26.52-300x200.jpeg 300w, https:\/\/rockvell.com\/wp-content\/uploads\/2024\/11\/WhatsApp-Image-2024-11-20-at-17.26.52-768x512.jpeg 768w, https:\/\/rockvell.com\/wp-content\/uploads\/2024\/11\/WhatsApp-Image-2024-11-20-at-17.26.52-1536x1023.jpeg 1536w, https:\/\/rockvell.com\/wp-content\/uploads\/2024\/11\/WhatsApp-Image-2024-11-20-at-17.26.52-360x240.jpeg 360w, https:\/\/rockvell.com\/wp-content\/uploads\/2024\/11\/WhatsApp-Image-2024-11-20-at-17.26.52.jpeg 1600w\" sizes=\"(max-width: 1024px) 100vw, 1024px\" \/><\/a><\/figure>\n<\/figure>\n\n\n\n<p>Yol x\u0259rit\u0259si, h\u0259m\u00e7inin biznesl\u0259ri karbon emissiyas\u0131n\u0131n azald\u0131lmas\u0131 strategiyalar\u0131 \u00fczr\u0259 h\u0259d\u0259fl\u0259ri q\u0259bul etm\u0259y\u0259, turizm v\u0259 s\u0259yah\u0259t \u015firk\u0259tl\u0259rini, d\u00f6vl\u0259tl\u0259ri v\u0259 dig\u0259r maraql\u0131 t\u0259r\u0259fl\u0259ri bu istiqam\u0259td\u0259 t\u0259dbirl\u0259ri d\u0259st\u0259kl\u0259m\u0259y\u0259 t\u0259\u015fviq edir, s\u0259yah\u0259t\u00e7il\u0259ri daha m\u0259suliyy\u0259tli s\u0259yah\u0259t etm\u0259y\u0259 \u00e7a\u011f\u0131r\u0131r.<\/p>\n\n\n\n<p>Hesabat\u0131n tam m\u0259tni il\u0259 buradan tan\u0131\u015f olmaq m\u00fcmk\u00fcnd\u00fcr:<br><a href=\"https:\/\/researchhub.wttc.org\" target=\"_blank\" rel=\"noopener\" title=\"\">https:\/\/researchhub.wttc.org<\/a><\/p>\n","protected":false},"excerpt":{"rendered":"<p>D\u00fcnya S\u0259yah\u0259t v\u0259 Turizm \u015euras\u0131 (WTTC) t\u0259r\u0259find\u0259n \u201cS\u0259yah\u0259t v\u0259 Turizm \u00fczr\u0259 Net S\u0131f\u0131r Yol X\u0259rit\u0259si\u201d t\u0259qdim olunub COP29-da \u201cTurizm g\u00fcn\u00fc\u201d \u00e7\u0259r\u00e7iv\u0259sind\u0259 D\u00f6vl\u0259t Turizm Agentliyinin d\u0259st\u0259yi il\u0259 D\u00fcnya S\u0259yah\u0259t v\u0259 Turizm \u015euras\u0131 (WTTC) t\u0259r\u0259find\u0259n \u201cS\u0259yah\u0259t v\u0259&#8230;<\/p>\n","protected":false},"author":2,"featured_media":30663,"comment_status":"closed","ping_status":"closed","sticky":false,"template":"","format":"standard","meta":{"footnotes":""},"categories":[47],"tags":[],"aioseo_notices":[],"_links":{"self":[{"href":"https:\/\/rockvell.com\/index.php?rest_route=\/wp\/v2\/posts\/30662"}],"collection":[{"href":"https:\/\/rockvell.com\/index.php?rest_route=\/wp\/v2\/posts"}],"about":[{"href":"https:\/\/rockvell.com\/index.php?rest_route=\/wp\/v2\/types\/post"}],"author":[{"embeddable":true,"href":"https:\/\/rockvell.com\/index.php?rest_route=\/wp\/v2\/users\/2"}],"replies":[{"embeddable":true,"href":"https:\/\/rockvell.com\/index.php?rest_route=%2Fwp%2Fv2%2Fcomments&post=30662"}],"version-history":[{"count":1,"href":"https:\/\/rockvell.com\/index.php?rest_route=\/wp\/v2\/posts\/30662\/revisions"}],"predecessor-version":[{"id":30668,"href":"https:\/\/rockvell.com\/index.php?rest_route=\/wp\/v2\/posts\/30662\/revisions\/30668"}],"wp:featuredmedia":[{"embeddable":true,"href":"https:\/\/rockvell.com\/index.php?rest_route=\/wp\/v2\/media\/30663"}],"wp:attachment":[{"href":"https:\/\/rockvell.com\/index.php?rest_route=%2Fwp%2Fv2%2Fmedia&parent=30662"}],"wp:term":[{"taxonomy":"category","embeddable":true,"href":"https:\/\/rockvell.com\/index.php?rest_route=%2Fwp%2Fv2%2Fcategories&post=30662"},{"taxonomy":"post_tag","embeddable":true,"href":"https:\/\/rockvell.com\/index.php?rest_route=%2Fwp%2Fv2%2Ftags&post=30662"}],"curies":[{"name":"wp","href":"https:\/\/api.w.org\/{rel}","templated":true}]}}