{"id":30711,"date":"2024-11-21T09:00:00","date_gmt":"2024-11-21T06:00:00","guid":{"rendered":"https:\/\/rockvell.com\/?p=30711"},"modified":"2024-11-21T17:04:36","modified_gmt":"2024-11-21T14:04:36","slug":"cop29-harmoniya-t%c9%99s%c9%99bbusu-il%c9%99-uygun-inteqrasiya-movzusunda-panel-muzakir%c9%99-kecirilib","status":"publish","type":"post","link":"https:\/\/rockvell.com\/?p=30711","title":{"rendered":"COP29 Harmoniya T\u0259\u015f\u0259bb\u00fcs\u00fc il\u0259 Uy\u011fun \u0130nteqrasiya\u201d m\u00f6vzusunda panel m\u00fczakir\u0259 ke\u00e7irilib"},"content":{"rendered":"\n<p class=\"has-medium-font-size\"><strong>COP29 \u00e7\u0259r\u00e7iv\u0259sind\u0259 \u201cK\u0259nd T\u0259s\u0259rr\u00fcfat\u0131-\u018frzaq Sistemind\u0259 \u018fdal\u0259tli Ke\u00e7id: COP29 Harmoniya T\u0259\u015f\u0259bb\u00fcs\u00fc il\u0259 Uy\u011fun \u0130nteqrasiya\u201d m\u00f6vzusunda panel m\u00fczakir\u0259 ke\u00e7irilib<\/strong><\/p>\n\n\n\n<p>BMT-nin \u0130qlim D\u0259yi\u015fm\u0259l\u0259ri \u00fczr\u0259 \u00c7\u0259r\u00e7iv\u0259 Konvensiyas\u0131n\u0131n T\u0259r\u0259fl\u0259r Konfrans\u0131n\u0131n 29-cu sessiyas\u0131 (COP29) \u00e7\u0259r\u00e7iv\u0259sind\u0259 \u201cK\u0259nd T\u0259s\u0259rr\u00fcfat\u0131-\u018frzaq Sistemind\u0259 \u018fdal\u0259tli Ke\u00e7id: COP29 Harmoniya T\u0259\u015f\u0259bb\u00fcs\u00fc il\u0259 Uy\u011fun \u0130nteqrasiya\u201d m\u00f6vzusunda panel m\u00fczakir\u0259 ke\u00e7irilib.<\/p>\n\n\n\n<p>BMT-nin \u018frzaq v\u0259 K\u0259nd T\u0259s\u0259rr\u00fcfat\u0131 T\u0259\u015fkilat\u0131n\u0131n (FAO) \u201cMavi zona\u201dda f\u0259aliyy\u0259t g\u00f6st\u0259r\u0259n pavilyonunda ba\u015f tutan t\u0259dbird\u0259 COP29 Fermerl\u0259r \u00fc\u00e7\u00fcn Bak\u0131 Harmoniya \u0130qlim T\u0259\u015f\u0259bb\u00fcs\u00fcn\u0259 uy\u011fun aqro-\u0259rzaq sisteml\u0259rind\u0259 \u0259dal\u0259tli ke\u00e7id, inkl\u00fcziv proses vasit\u0259sil\u0259 dayan\u0131ql\u0131 \u0259rzaq sisteml\u0259ri \u00fc\u00e7\u00fcn maliyy\u0259nin geni\u015fl\u0259ndirilm\u0259si, iqlim\u0259 dayan\u0131ql\u0131 k\u0259nd t\u0259s\u0259rr\u00fcfat\u0131na nail olmaq \u00fc\u00e7\u00fcn z\u0259ruri olan maliyy\u0259 al\u0259tl\u0259ri v\u0259 investisiyalar\u0131 t\u0259\u015fviq ed\u0259n elmi \u0259sasl\u0131 h\u0259ll\u0259r m\u00f6vzular\u0131 m\u00fczakir\u0259 edilib.<\/p>\n\n\n<div class=\"wp-block-image\">\n<figure class=\"aligncenter size-large is-resized\"><img loading=\"lazy\" decoding=\"async\" width=\"1024\" height=\"683\" src=\"https:\/\/rockvell.com\/wp-content\/uploads\/2024\/11\/IUsFLlx4Vzbo3RgriUKaiQF1DXaF52mYJppeulWv-1024x683.jpg\" alt=\"\" class=\"wp-image-30712\" style=\"width:435px;height:auto\" srcset=\"https:\/\/rockvell.com\/wp-content\/uploads\/2024\/11\/IUsFLlx4Vzbo3RgriUKaiQF1DXaF52mYJppeulWv-1024x683.jpg 1024w, https:\/\/rockvell.com\/wp-content\/uploads\/2024\/11\/IUsFLlx4Vzbo3RgriUKaiQF1DXaF52mYJppeulWv-300x200.jpg 300w, https:\/\/rockvell.com\/wp-content\/uploads\/2024\/11\/IUsFLlx4Vzbo3RgriUKaiQF1DXaF52mYJppeulWv-768x512.jpg 768w, https:\/\/rockvell.com\/wp-content\/uploads\/2024\/11\/IUsFLlx4Vzbo3RgriUKaiQF1DXaF52mYJppeulWv-1536x1024.jpg 1536w, https:\/\/rockvell.com\/wp-content\/uploads\/2024\/11\/IUsFLlx4Vzbo3RgriUKaiQF1DXaF52mYJppeulWv-2048x1365.jpg 2048w, https:\/\/rockvell.com\/wp-content\/uploads\/2024\/11\/IUsFLlx4Vzbo3RgriUKaiQF1DXaF52mYJppeulWv-360x240.jpg 360w\" sizes=\"(max-width: 1024px) 100vw, 1024px\" \/><\/figure><\/div>\n\n\n<p>Panel m\u00fczakir\u0259nin moderatorlu\u011funu Quraq \u018frazil\u0259rd\u0259 K\u0259nd T\u0259s\u0259rr\u00fcfat\u0131 T\u0259dqiqatlar\u0131 \u00fczr\u0259 Beyn\u0259lxalq M\u0259rk\u0259zinin (ICARDA) Ba\u015f Direktorunun Ofisind\u0259 \u0130qlim D\u0259yi\u015fikliyi \u00fczr\u0259 Ba\u015f m\u0259sl\u0259h\u0259t\u00e7isi Roula Majdalani edib.<\/p>\n\n\n\n<p>T\u0259dbird\u0259 \u00e7\u0131x\u0131\u015f ed\u0259n k\u0259nd t\u0259s\u0259rr\u00fcfat\u0131 naziri M\u0259cnun M\u0259mm\u0259dov bildirib ki, m\u00fcasir d\u00f6vrd\u0259 dayan\u0131ql\u0131 aqro-\u0259rzaq sisteml\u0259rin\u0259 ke\u00e7id iqlim d\u0259yi\u015fikliyin\u0259 daha h\u0259ssas olan fermer v\u0259 k\u0259nd icmalar\u0131na h\u0259rt\u0259r\u0259fli d\u0259st\u0259k t\u0259dbirl\u0259rini z\u0259ruri edir. Nazir bildirib ki, aqrar sah\u0259 iqlim d\u0259yi\u015fm\u0259l\u0259rinin n\u0259tic\u0259l\u0259rind\u0259n t\u0259sirl\u0259n\u0259n sektor olmaqla yana\u015f\u0131, \u0130stilik Effekti Yaradan Qazlar\u0131n (\u0130EYQ) atmosfer\u0259 at\u0131lmas\u0131nda da m\u00fc\u0259yy\u0259n paya malikdir. Bununla bel\u0259, k\u0259nd t\u0259s\u0259rr\u00fcfat\u0131 sektoru emissiyalar\u0131n azald\u0131lmas\u0131, dayan\u0131ql\u0131l\u0131\u011f\u0131n art\u0131r\u0131lmas\u0131 v\u0259 \u0259rzaq t\u0259hl\u00fck\u0259sizliyinin t\u0259min edilm\u0259sind\u0259 misilsiz potensial\u0131 var. Aqrar sah\u0259d\u0259 t\u0259dqiqat v\u0259 innovasiyalar dayan\u0131ql\u0131 aqro-\u0259rzaq sisteml\u0259rin\u0259 ke\u00e7idin t\u0259m\u0259l da\u015flar\u0131d\u0131r.<\/p>\n\n\n\n<p>Nazir bildirib ki, Az\u0259rbaycan h\u00f6kum\u0259ti iqlim\u0259 uy\u011fun a\u011f\u0131ll\u0131 k\u0259nd t\u0259s\u0259rr\u00fcfat\u0131n\u0131n formala\u015fd\u0131r\u0131lmas\u0131na x\u00fcsusi diqq\u0259t yetirir. F\u0259aliyy\u0259t strategiyas\u0131n\u0131n m\u0259rk\u0259zind\u0259 k\u0259nd t\u0259s\u0259rr\u00fcfat\u0131 v\u0259 \u0259rzaq sisteml\u0259rinin iqlim f\u0259aliyy\u0259tl\u0259rin\u0259 inteqrasiyas\u0131, uy\u011fun siyas\u0259tl\u0259rin haz\u0131rlanmas\u0131, innovasiyalar\u0131n t\u0259\u015fviqi, d\u0259qiq \u0259kin\u00e7ilik, torpaq v\u0259 su resurslar\u0131n\u0131n m\u00fchafiz\u0259si, k\u0259nd t\u0259s\u0259rr\u00fcfat\u0131nda m\u0259hsuldarl\u0131\u011f\u0131n art\u0131r\u0131lmas\u0131, iqlim\u0259 dayan\u0131ql\u0131 metodlar\u0131n t\u0259tbiqi, \u0259traf m\u00fchit\u0259 m\u0259nfi t\u0259sirl\u0259rin azald\u0131lmas\u0131 v\u0259 \u0259rzaq t\u0259hl\u00fck\u0259sizliyinin t\u0259min edilm\u0259si dayan\u0131r. Fermerl\u0259r \u00fc\u00e7\u00fcn Bak\u0131 Harmoniya \u0130qlim T\u0259\u015f\u0259bb\u00fcs\u00fc iqlim d\u0259yi\u015fikliyi il\u0259 m\u00fcbariz\u0259 kontekstind\u0259 qlobal \u0259m\u0259kda\u015fl\u0131q \u00fc\u00e7\u00fcn m\u0259rk\u0259zi platforma rolunu oynay\u0131r, davaml\u0131 h\u0259ll\u0259ri miqyas\u0131n\u0131 geni\u015fl\u0259ndirm\u0259k, fermerl\u0259rin, x\u00fcsusil\u0259 d\u0259 qad\u0131n v\u0259 g\u0259ncl\u0259rin s\u0259lahiyy\u0259tl\u0259rini art\u0131rmaq \u00fc\u00e7\u00fcn m\u00fcxt\u0259lif maraql\u0131 t\u0259r\u0259fl\u0259ri bir araya g\u0259tirm\u0259kl\u0259 birg\u0259 f\u0259aliyy\u0259ti uy\u011funla\u015fd\u0131r\u0131r. \u0130qlim d\u0259yi\u015fikliyi il\u0259 m\u00fcbariz\u0259d\u0259 \u00f6z \u00f6hd\u0259likl\u0259rin\u0259 sadiq qalan Az\u0259rbaycan \u00f6z beyn\u0259lxalq t\u0259r\u0259fda\u015flar\u0131 il\u0259 s\u0131x \u0259m\u0259kda\u015fl\u0131q \u015f\u0259raitind\u0259 qlobal m\u00fcbariz\u0259 t\u0259dbirl\u0259rin\u0259 f\u0259al \u015f\u0259kild\u0259 t\u00f6hf\u0259 verm\u0259k \u00fc\u00e7\u00fcn s\u0259yl\u0259 \u00e7al\u0131\u015f\u0131r.<\/p>\n\n\n<div class=\"wp-block-image\">\n<figure class=\"aligncenter size-large is-resized\"><img loading=\"lazy\" decoding=\"async\" width=\"1024\" height=\"683\" src=\"https:\/\/rockvell.com\/wp-content\/uploads\/2024\/11\/I6zj7TtAWLZ9sNxN8yGsqXvpwJ2GISff78n7YKcf-1024x683.jpg\" alt=\"\" class=\"wp-image-30713\" style=\"width:456px;height:auto\" srcset=\"https:\/\/rockvell.com\/wp-content\/uploads\/2024\/11\/I6zj7TtAWLZ9sNxN8yGsqXvpwJ2GISff78n7YKcf-1024x683.jpg 1024w, https:\/\/rockvell.com\/wp-content\/uploads\/2024\/11\/I6zj7TtAWLZ9sNxN8yGsqXvpwJ2GISff78n7YKcf-300x200.jpg 300w, https:\/\/rockvell.com\/wp-content\/uploads\/2024\/11\/I6zj7TtAWLZ9sNxN8yGsqXvpwJ2GISff78n7YKcf-768x512.jpg 768w, https:\/\/rockvell.com\/wp-content\/uploads\/2024\/11\/I6zj7TtAWLZ9sNxN8yGsqXvpwJ2GISff78n7YKcf-1536x1024.jpg 1536w, https:\/\/rockvell.com\/wp-content\/uploads\/2024\/11\/I6zj7TtAWLZ9sNxN8yGsqXvpwJ2GISff78n7YKcf-2048x1365.jpg 2048w, https:\/\/rockvell.com\/wp-content\/uploads\/2024\/11\/I6zj7TtAWLZ9sNxN8yGsqXvpwJ2GISff78n7YKcf-360x240.jpg 360w\" sizes=\"(max-width: 1024px) 100vw, 1024px\" \/><\/figure><\/div>\n\n\n<p>M\u00fczakir\u0259l\u0259rd\u0259 \u00e7\u0131x\u0131\u015f ed\u0259n ICARDA-n\u0131n \u0130dar\u0259 Hey\u0259tinin \u00fczv\u00fc Charles Spillane, FAO-nun \u0130qlim D\u0259yi\u015fikliyi, Biom\u00fcxt\u0259liflik v\u0259 \u018ftraf M\u00fchit Ofisinin T\u0259bii s\u0259rv\u0259tl\u0259r \u00fczr\u0259 ba\u015f m\u00fct\u0259x\u0259ssisi \u0130nkar Kad\u0131rjanova, JRT T\u0259\u015f\u0259bb\u00fcs\u00fcn\u00fcn \u0130cra\u00e7\u0131 direktoru Melissa Pinfield, Avropa Yenid\u0259nqurma v\u0259 \u0130nki\u015faf Bank\u0131n\u0131n (EBRD) \u0130qlim uy\u011funla\u015fmas\u0131 v\u0259 t\u0259bi\u0259tin maliyy\u0259l\u0259\u015fdirilm\u0259si \u00fczr\u0259 direktor m\u00fcavini Rachael Barza, COP29 Prezidentliyinin eksperti Sona Abdullayeva, \u201c\u0130qlim, \u0130qlim D\u0259yi\u015fikliyi v\u0259 C\u0259miyy\u0259t&#8221; (CLICCS) M\u00fck\u0259mm\u0259llik Klasterind\u0259 Yer Sistemi T\u0259dqiqatlar\u0131 v\u0259 Davaml\u0131l\u0131q M\u0259rk\u0259zinin (CEN) ba\u015f elmi i\u015f\u00e7isi Jan Vilkens iqlim d\u0259yi\u015fikliyi, \u0259traf m\u00fchiti qorumaqla m\u0259hsuldarl\u0131\u011f\u0131n art\u0131r\u0131lmas\u0131, keyfiyy\u0259tli qida istehsal\u0131, qlobal \u0259m\u0259kda\u015fl\u0131q \u00e7\u0259r\u00e7iv\u0259sind\u0259 fundamental transformasiya yolu il\u0259 dayan\u0131ql\u0131 k\u0259nd t\u0259s\u0259rr\u00fcdat\u0131 sisteminin qurulmas\u0131, aqro-\u0259rzaq sisteml\u0259rind\u0259 \u0259dal\u0259tli ke\u00e7id prosesind\u0259 t\u0259dqiqat v\u0259 innovasiyalar\u0131n rolu, dayan\u0131ql\u0131 k\u0259nd t\u0259s\u0259rr\u00fcfat\u0131 sisteml\u0259rind\u0259 \u0259dal\u0259tli v\u0259 inkl\u00fcziv transformasiyan\u0131 d\u0259st\u0259kl\u0259m\u0259k \u00fc\u00e7\u00fcn \u0259sas maraql\u0131 t\u0259r\u0259fl\u0259r aras\u0131nda \u0259m\u0259kda\u015fl\u0131\u011f\u0131n t\u0259\u015fviqi, ya\u015f\u0131l enerji v\u0259 ya\u015f\u0131l texnologiyalar\u0131n t\u0259tbiqinin geni\u015fl\u0259ndirilm\u0259si, aqrar sah\u0259d\u0259 qad\u0131nlar\u0131n rolunun daha da art\u0131r\u0131lmas\u0131, aqro-\u0259rzaq sisteml\u0259rind\u0259 \u0259dal\u0259tli ke\u00e7id konsepsiyalar\u0131n Milli Uy\u011funla\u015fma Planlar\u0131na (NAP) v\u0259 Milli s\u0259viyy\u0259d\u0259 m\u00fc\u0259yy\u0259n edilmi\u015f t\u00f6hf\u0259l\u0259r\u0259 (NDC) daxil edilm\u0259si m\u0259s\u0259l\u0259l\u0259ri il\u0259 ba\u011fl\u0131 fikirl\u0259rini b\u00f6l\u00fc\u015f\u00fcbl\u0259r.<\/p>\n\n\n\n<p>T\u0259dbir i\u015ftirak\u00e7\u0131lar\u0131 k\u0259nd t\u0259s\u0259rr\u00fcfat\u0131nda \u0259halinin k\u0259nd t\u0259s\u0259rr\u00fcfat\u0131 v\u0259 \u0259rzaq m\u0259hsullar\u0131 il\u0259 t\u0259minat\u0131, aqrar sah\u0259d\u0259 m\u0259hsuldarl\u0131\u011f\u0131n art\u0131r\u0131lmas\u0131 \u00fc\u00e7\u00fcn elmi yenilikl\u0259r, innovasiya v\u0259 r\u0259q\u0259msal h\u0259ll\u0259rin t\u0259tbiqinin geni\u015fl\u0259ndirilm\u0259sinin vacibliyini diqq\u0259t\u0259 \u00e7atd\u0131r\u0131blar.<\/p>\n\n\n\n<p>Panel m\u00fczakir\u0259l\u0259rd\u0259n sonra i\u015ftirak\u00e7\u0131lar\u0131n suallar\u0131 cavabland\u0131r\u0131l\u0131b, m\u00f6vzu \u0259traf\u0131nda fikir m\u00fcbadil\u0259si apar\u0131l\u0131b.<\/p>\n","protected":false},"excerpt":{"rendered":"<p>COP29 \u00e7\u0259r\u00e7iv\u0259sind\u0259 \u201cK\u0259nd T\u0259s\u0259rr\u00fcfat\u0131-\u018frzaq Sistemind\u0259 \u018fdal\u0259tli Ke\u00e7id: COP29 Harmoniya T\u0259\u015f\u0259bb\u00fcs\u00fc il\u0259 Uy\u011fun \u0130nteqrasiya\u201d m\u00f6vzusunda panel m\u00fczakir\u0259 ke\u00e7irilib BMT-nin \u0130qlim D\u0259yi\u015fm\u0259l\u0259ri \u00fczr\u0259 \u00c7\u0259r\u00e7iv\u0259 Konvensiyas\u0131n\u0131n T\u0259r\u0259fl\u0259r Konfrans\u0131n\u0131n 29-cu sessiyas\u0131 (COP29) \u00e7\u0259r\u00e7iv\u0259sind\u0259 \u201cK\u0259nd T\u0259s\u0259rr\u00fcfat\u0131-\u018frzaq Sistemind\u0259 \u018fdal\u0259tli Ke\u00e7id: COP29&#8230;<\/p>\n","protected":false},"author":2,"featured_media":30712,"comment_status":"closed","ping_status":"closed","sticky":false,"template":"","format":"standard","meta":{"footnotes":""},"categories":[12],"tags":[],"aioseo_notices":[],"_links":{"self":[{"href":"https:\/\/rockvell.com\/index.php?rest_route=\/wp\/v2\/posts\/30711"}],"collection":[{"href":"https:\/\/rockvell.com\/index.php?rest_route=\/wp\/v2\/posts"}],"about":[{"href":"https:\/\/rockvell.com\/index.php?rest_route=\/wp\/v2\/types\/post"}],"author":[{"embeddable":true,"href":"https:\/\/rockvell.com\/index.php?rest_route=\/wp\/v2\/users\/2"}],"replies":[{"embeddable":true,"href":"https:\/\/rockvell.com\/index.php?rest_route=%2Fwp%2Fv2%2Fcomments&post=30711"}],"version-history":[{"count":1,"href":"https:\/\/rockvell.com\/index.php?rest_route=\/wp\/v2\/posts\/30711\/revisions"}],"predecessor-version":[{"id":30714,"href":"https:\/\/rockvell.com\/index.php?rest_route=\/wp\/v2\/posts\/30711\/revisions\/30714"}],"wp:featuredmedia":[{"embeddable":true,"href":"https:\/\/rockvell.com\/index.php?rest_route=\/wp\/v2\/media\/30712"}],"wp:attachment":[{"href":"https:\/\/rockvell.com\/index.php?rest_route=%2Fwp%2Fv2%2Fmedia&parent=30711"}],"wp:term":[{"taxonomy":"category","embeddable":true,"href":"https:\/\/rockvell.com\/index.php?rest_route=%2Fwp%2Fv2%2Fcategories&post=30711"},{"taxonomy":"post_tag","embeddable":true,"href":"https:\/\/rockvell.com\/index.php?rest_route=%2Fwp%2Fv2%2Ftags&post=30711"}],"curies":[{"name":"wp","href":"https:\/\/api.w.org\/{rel}","templated":true}]}}