{"id":30747,"date":"2024-11-22T07:00:00","date_gmt":"2024-11-22T04:00:00","guid":{"rendered":"https:\/\/rockvell.com\/?p=30747"},"modified":"2024-11-22T17:34:51","modified_gmt":"2024-11-22T14:34:51","slug":"az%c9%99rbaycanin-turizm-imkanlari-ozb%c9%99kistanda-s%c9%99rgil%c9%99nir","status":"publish","type":"post","link":"https:\/\/rockvell.com\/?p=30747","title":{"rendered":"Az\u0259rbaycan\u0131n turizm imkanlar\u0131 \u00d6zb\u0259kistanda s\u0259rgil\u0259nir"},"content":{"rendered":"\n<p class=\"has-medium-font-size\"><strong>Az\u0259rbaycan\u0131n turizm imkanlar\u0131 \u00d6zb\u0259kistanda s\u0259rgil\u0259nir<\/strong><\/p>\n\n\n\n<p>Az\u0259rbaycan Turizm B\u00fcrosu yerli turizm t\u0259r\u0259fda\u015flar\u0131 il\u0259 birg\u0259, Az\u0259rbaycan\u0131n turizm potensial\u0131n\u0131 tan\u0131tmaq m\u0259qs\u0259dil\u0259 \u00d6zb\u0259kistan\u0131n Da\u015fk\u0259nd \u015f\u0259h\u0259rind\u0259 ke\u00e7iril\u0259n v\u0259 \u201c\u0130p\u0259k Yolu \u00fcz\u0259rind\u0259 turizm\u201d m\u00f6vzusuna h\u0259sr olunmu\u015f Da\u015fk\u0259nd Beyn\u0259lxalq Turizm S\u0259rgisind\u0259 (TIFF) i\u015ftirak edir.<\/p>\n\n\n<div class=\"wp-block-image\">\n<figure class=\"aligncenter size-large is-resized\"><img loading=\"lazy\" decoding=\"async\" width=\"1024\" height=\"768\" src=\"https:\/\/rockvell.com\/wp-content\/uploads\/2024\/11\/WhatsApp-Image-2024-11-22-at-15.27.33-1024x768.jpeg\" alt=\"\" class=\"wp-image-30749\" style=\"width:500px;height:auto\" srcset=\"https:\/\/rockvell.com\/wp-content\/uploads\/2024\/11\/WhatsApp-Image-2024-11-22-at-15.27.33-1024x768.jpeg 1024w, https:\/\/rockvell.com\/wp-content\/uploads\/2024\/11\/WhatsApp-Image-2024-11-22-at-15.27.33-300x225.jpeg 300w, https:\/\/rockvell.com\/wp-content\/uploads\/2024\/11\/WhatsApp-Image-2024-11-22-at-15.27.33-768x576.jpeg 768w, https:\/\/rockvell.com\/wp-content\/uploads\/2024\/11\/WhatsApp-Image-2024-11-22-at-15.27.33-1536x1152.jpeg 1536w, https:\/\/rockvell.com\/wp-content\/uploads\/2024\/11\/WhatsApp-Image-2024-11-22-at-15.27.33-360x270.jpeg 360w, https:\/\/rockvell.com\/wp-content\/uploads\/2024\/11\/WhatsApp-Image-2024-11-22-at-15.27.33.jpeg 1600w\" sizes=\"(max-width: 1024px) 100vw, 1024px\" \/><\/figure><\/div>\n\n\n<p>\u00d6lk\u0259mizi milli stendd\u0259 \u201cAz\u0259rbaycan Hava Yollar\u0131\u201d QSC v\u0259 \u201c\u015eahda\u011f\u201d Turizm M\u0259rk\u0259zi il\u0259 birlikd\u0259 \u00fcmumilikd\u0259 9 yerli turizm s\u0259nayesi t\u0259r\u0259fda\u015f\u0131 t\u0259msil edir.<\/p>\n\n\n\n<p>Stend ziyar\u0259t\u00e7il\u0259rin\u0259 Az\u0259rbaycan\u0131n tarixi, m\u0259d\u0259ni irsi, milli m\u0259tb\u0259xi, da\u011f-xiz\u0259k kurortlar\u0131, \u015f\u0259rab\u00e7\u0131l\u0131q \u0259n\u0259n\u0259l\u0259ri, sa\u011flaml\u0131q v\u0259 geni\u015f q\u0131\u015f turizmi imkanlar\u0131 bar\u0259d\u0259 \u0259trafl\u0131 m\u0259lumat verilir, el\u0259c\u0259 d\u0259 xarici turizm t\u0259msil\u00e7il\u0259ri il\u0259 B2B format\u0131nda i\u015fg\u00fczar g\u00f6r\u00fc\u015fl\u0259r t\u0259\u015fkil olunur.<\/p>\n\n\n\n<p>S\u0259rgi \u00e7\u0259r\u00e7iv\u0259sind\u0259 \u201c\u015eahda\u011f\u201d Turizm M\u0259rk\u0259zinin \u00fczv oldu\u011fu Avrasiya Da\u011f Kurortlar\u0131 Alyans\u0131n\u0131n n\u00fcmay\u0259nd\u0259l\u0259rinin i\u015ftirak\u0131 ke\u00e7iril\u0259n t\u0259dbird\u0259 \u00fczvl\u0259r\u0259 v\u0259 t\u0259dbir i\u015ftirak\u00e7\u0131lar\u0131na M\u0259rk\u0259zin n\u00fcmay\u0259nd\u0259l\u0259ri t\u0259r\u0259find\u0259n kompleksin q\u0131\u015f turizm imkanlar\u0131, yeni layih\u0259l\u0259r, ke\u00e7irilm\u0259si n\u0259z\u0259rd\u0259 tutulan beyn\u0259lxalq yar\u0131\u015flar haqq\u0131nda \u0259trafl\u0131 m\u0259lumat verilib.<\/p>\n\n\n\n<p>T\u0259dbird\u0259 n\u00f6vb\u0259ti Avrasiya Da\u011f Kurortlar\u0131 Festival\u0131n\u0131n t\u0259\u015fkili \u201c\u015eahda\u011f\u201d Turizm M\u0259rk\u0259zin\u0259 \u00f6t\u00fcr\u00fcl\u00fcb v\u0259 t\u0259dbirin 2025-ci ilin mart ay\u0131nda ke\u00e7irilm\u0259si q\u0259rara al\u0131n\u0131b.<\/p>\n\n\n\n<p>Da\u015fk\u0259nd Beyn\u0259lxalq Turizm S\u0259rgisi (TIFF) \u00d6zb\u0259kistan v\u0259 M\u0259rk\u0259zi Asiya regionunda turizm s\u0259nayesinin \u0259lam\u0259tdar t\u0259dbirl\u0259rind\u0259n biri hesab olunur. Noyabr\u0131n 23-d\u0259k davam ed\u0259c\u0259k s\u0259rgid\u0259 1500 i\u015ftirak\u00e7\u0131n\u0131n, d\u00fcnyan\u0131n bir s\u0131ra \u00f6lk\u0259l\u0259rind\u0259n \u00fcmumilikd\u0259 15 mind\u0259n \u00e7ox ziyar\u0259t\u00e7i v\u0259 turizm s\u0259nayesi n\u00fcmay\u0259nd\u0259sinin qat\u0131laca\u011f\u0131 g\u00f6zl\u0259nilir.<\/p>\n\n\n\n<figure class=\"wp-block-gallery aligncenter has-nested-images columns-default is-cropped wp-block-gallery-1 is-layout-flex wp-block-gallery-is-layout-flex\">\n<figure class=\"wp-block-image size-large\"><a href=\"https:\/\/rockvell.com\/wp-content\/uploads\/2024\/11\/WhatsApp-Image-2024-11-22-at-15.27.35.jpeg\" target=\"_blank\" rel=\"noopener\" data-rel=\"lightbox-gallery-CfHAx3HS\" data-rl_title=\"\" data-rl_caption=\"\" title=\"\"><img loading=\"lazy\" decoding=\"async\" width=\"1024\" height=\"768\" data-id=\"30752\" src=\"https:\/\/rockvell.com\/wp-content\/uploads\/2024\/11\/WhatsApp-Image-2024-11-22-at-15.27.35-1024x768.jpeg\" alt=\"\" class=\"wp-image-30752\" srcset=\"https:\/\/rockvell.com\/wp-content\/uploads\/2024\/11\/WhatsApp-Image-2024-11-22-at-15.27.35-1024x768.jpeg 1024w, https:\/\/rockvell.com\/wp-content\/uploads\/2024\/11\/WhatsApp-Image-2024-11-22-at-15.27.35-300x225.jpeg 300w, https:\/\/rockvell.com\/wp-content\/uploads\/2024\/11\/WhatsApp-Image-2024-11-22-at-15.27.35-768x576.jpeg 768w, https:\/\/rockvell.com\/wp-content\/uploads\/2024\/11\/WhatsApp-Image-2024-11-22-at-15.27.35-1536x1152.jpeg 1536w, https:\/\/rockvell.com\/wp-content\/uploads\/2024\/11\/WhatsApp-Image-2024-11-22-at-15.27.35-360x270.jpeg 360w, https:\/\/rockvell.com\/wp-content\/uploads\/2024\/11\/WhatsApp-Image-2024-11-22-at-15.27.35.jpeg 1600w\" sizes=\"(max-width: 1024px) 100vw, 1024px\" \/><\/a><\/figure>\n\n\n\n<figure class=\"wp-block-image size-large\"><a href=\"https:\/\/rockvell.com\/wp-content\/uploads\/2024\/11\/WhatsApp-Image-2024-11-22-at-15.27.34.jpeg\" target=\"_blank\" rel=\"noopener\" data-rel=\"lightbox-gallery-CfHAx3HS\" data-rl_title=\"\" data-rl_caption=\"\" title=\"\"><img loading=\"lazy\" decoding=\"async\" width=\"1024\" height=\"768\" data-id=\"30750\" src=\"https:\/\/rockvell.com\/wp-content\/uploads\/2024\/11\/WhatsApp-Image-2024-11-22-at-15.27.34-1024x768.jpeg\" alt=\"\" class=\"wp-image-30750\" srcset=\"https:\/\/rockvell.com\/wp-content\/uploads\/2024\/11\/WhatsApp-Image-2024-11-22-at-15.27.34-1024x768.jpeg 1024w, https:\/\/rockvell.com\/wp-content\/uploads\/2024\/11\/WhatsApp-Image-2024-11-22-at-15.27.34-300x225.jpeg 300w, https:\/\/rockvell.com\/wp-content\/uploads\/2024\/11\/WhatsApp-Image-2024-11-22-at-15.27.34-768x576.jpeg 768w, https:\/\/rockvell.com\/wp-content\/uploads\/2024\/11\/WhatsApp-Image-2024-11-22-at-15.27.34-1536x1152.jpeg 1536w, https:\/\/rockvell.com\/wp-content\/uploads\/2024\/11\/WhatsApp-Image-2024-11-22-at-15.27.34-360x270.jpeg 360w, https:\/\/rockvell.com\/wp-content\/uploads\/2024\/11\/WhatsApp-Image-2024-11-22-at-15.27.34.jpeg 1600w\" sizes=\"(max-width: 1024px) 100vw, 1024px\" \/><\/a><\/figure>\n\n\n\n<figure class=\"wp-block-image size-large\"><a href=\"https:\/\/rockvell.com\/wp-content\/uploads\/2024\/11\/WhatsApp-Image-2024-11-22-at-15.27.34-1.jpeg\" target=\"_blank\" rel=\"noopener\" data-rel=\"lightbox-gallery-CfHAx3HS\" data-rl_title=\"\" data-rl_caption=\"\" title=\"\"><img loading=\"lazy\" decoding=\"async\" width=\"1024\" height=\"768\" data-id=\"30751\" src=\"https:\/\/rockvell.com\/wp-content\/uploads\/2024\/11\/WhatsApp-Image-2024-11-22-at-15.27.34-1-1024x768.jpeg\" alt=\"\" class=\"wp-image-30751\" srcset=\"https:\/\/rockvell.com\/wp-content\/uploads\/2024\/11\/WhatsApp-Image-2024-11-22-at-15.27.34-1-1024x768.jpeg 1024w, https:\/\/rockvell.com\/wp-content\/uploads\/2024\/11\/WhatsApp-Image-2024-11-22-at-15.27.34-1-300x225.jpeg 300w, https:\/\/rockvell.com\/wp-content\/uploads\/2024\/11\/WhatsApp-Image-2024-11-22-at-15.27.34-1-768x576.jpeg 768w, https:\/\/rockvell.com\/wp-content\/uploads\/2024\/11\/WhatsApp-Image-2024-11-22-at-15.27.34-1-1536x1152.jpeg 1536w, https:\/\/rockvell.com\/wp-content\/uploads\/2024\/11\/WhatsApp-Image-2024-11-22-at-15.27.34-1-360x270.jpeg 360w, https:\/\/rockvell.com\/wp-content\/uploads\/2024\/11\/WhatsApp-Image-2024-11-22-at-15.27.34-1.jpeg 1600w\" sizes=\"(max-width: 1024px) 100vw, 1024px\" \/><\/a><\/figure>\n<\/figure>\n\n\n\n<p>2024-c\u00fc ilin yanvar-oktyabr d\u00f6vr\u00fc \u0259rzind\u0259 \u00d6zb\u0259kistandan Az\u0259rbaycana s\u0259f\u0259r ed\u0259nl\u0259rin say\u0131 37 536 n\u0259f\u0259r t\u0259\u015fkil edib ki, bu da \u00f6t\u0259n ilin eyni d\u00f6vr\u00fc il\u0259 m\u00fcqayis\u0259d\u0259 19% art\u0131md\u0131r.<\/p>\n","protected":false},"excerpt":{"rendered":"<p>Az\u0259rbaycan\u0131n turizm imkanlar\u0131 \u00d6zb\u0259kistanda s\u0259rgil\u0259nir Az\u0259rbaycan Turizm B\u00fcrosu yerli turizm t\u0259r\u0259fda\u015flar\u0131 il\u0259 birg\u0259, Az\u0259rbaycan\u0131n turizm potensial\u0131n\u0131 tan\u0131tmaq m\u0259qs\u0259dil\u0259 \u00d6zb\u0259kistan\u0131n Da\u015fk\u0259nd \u015f\u0259h\u0259rind\u0259 ke\u00e7iril\u0259n v\u0259 \u201c\u0130p\u0259k Yolu \u00fcz\u0259rind\u0259 turizm\u201d m\u00f6vzusuna h\u0259sr olunmu\u015f Da\u015fk\u0259nd Beyn\u0259lxalq Turizm S\u0259rgisind\u0259 (TIFF)&#8230;<\/p>\n","protected":false},"author":2,"featured_media":30749,"comment_status":"closed","ping_status":"closed","sticky":false,"template":"","format":"standard","meta":{"footnotes":""},"categories":[47],"tags":[],"aioseo_notices":[],"_links":{"self":[{"href":"https:\/\/rockvell.com\/index.php?rest_route=\/wp\/v2\/posts\/30747"}],"collection":[{"href":"https:\/\/rockvell.com\/index.php?rest_route=\/wp\/v2\/posts"}],"about":[{"href":"https:\/\/rockvell.com\/index.php?rest_route=\/wp\/v2\/types\/post"}],"author":[{"embeddable":true,"href":"https:\/\/rockvell.com\/index.php?rest_route=\/wp\/v2\/users\/2"}],"replies":[{"embeddable":true,"href":"https:\/\/rockvell.com\/index.php?rest_route=%2Fwp%2Fv2%2Fcomments&post=30747"}],"version-history":[{"count":1,"href":"https:\/\/rockvell.com\/index.php?rest_route=\/wp\/v2\/posts\/30747\/revisions"}],"predecessor-version":[{"id":30753,"href":"https:\/\/rockvell.com\/index.php?rest_route=\/wp\/v2\/posts\/30747\/revisions\/30753"}],"wp:featuredmedia":[{"embeddable":true,"href":"https:\/\/rockvell.com\/index.php?rest_route=\/wp\/v2\/media\/30749"}],"wp:attachment":[{"href":"https:\/\/rockvell.com\/index.php?rest_route=%2Fwp%2Fv2%2Fmedia&parent=30747"}],"wp:term":[{"taxonomy":"category","embeddable":true,"href":"https:\/\/rockvell.com\/index.php?rest_route=%2Fwp%2Fv2%2Fcategories&post=30747"},{"taxonomy":"post_tag","embeddable":true,"href":"https:\/\/rockvell.com\/index.php?rest_route=%2Fwp%2Fv2%2Ftags&post=30747"}],"curies":[{"name":"wp","href":"https:\/\/api.w.org\/{rel}","templated":true}]}}