{"id":30995,"date":"2024-11-28T05:00:00","date_gmt":"2024-11-28T02:00:00","guid":{"rendered":"https:\/\/rockvell.com\/?p=30995"},"modified":"2024-11-28T13:43:16","modified_gmt":"2024-11-28T10:43:16","slug":"daha-bir-m%c9%99hsul-made-in-turan-nisani-il%c9%99-ixrac-edil%c9%99c%c9%99k","status":"publish","type":"post","link":"https:\/\/rockvell.com\/?p=30995","title":{"rendered":"Daha bir m\u0259hsul \u201cMade in Turan\u201d ni\u015fan\u0131 il\u0259 ixrac edil\u0259c\u0259k"},"content":{"rendered":"\n<p class=\"has-medium-font-size\"><strong>Daha bir m\u0259hsul \u201cMade in Turan\u201d ni\u015fan\u0131 il\u0259 ixrac edil\u0259c\u0259k<\/strong><\/p>\n\n\n\n<p>Az\u0259rbaycan\u0131n filtr m\u0259hsullar\u0131n\u0131n istehsal\u00e7\u0131s\u0131 \u201cAz Filter\u201d \u015firk\u0259ti 2025-ci ilin yanvar ay\u0131ndan etibar\u0259n m\u0259hsullar\u0131n\u0131 \u201cMade in Turan\u201d ni\u015fan\u0131 alt\u0131nda ixrac ed\u0259c\u0259k. Bu bar\u0259d\u0259 \u201cAz\u0259rbaycan iqtisadiyyat\u0131\u201d Teleqram kanal\u0131na \u015firk\u0259tin ba\u015f direktoru Abuz\u0259r F\u0259rhadl\u0131 m\u0259lumat verib.<\/p>\n\n\n<div class=\"wp-block-image\">\n<figure class=\"aligncenter size-large is-resized\"><img loading=\"lazy\" decoding=\"async\" width=\"1024\" height=\"683\" src=\"https:\/\/rockvell.com\/wp-content\/uploads\/2024\/11\/465524274_489792650120707_7034117327926999435_n-1024x683.png\" alt=\"\" class=\"wp-image-30996\" style=\"width:473px;height:auto\" srcset=\"https:\/\/rockvell.com\/wp-content\/uploads\/2024\/11\/465524274_489792650120707_7034117327926999435_n-1024x683.png 1024w, https:\/\/rockvell.com\/wp-content\/uploads\/2024\/11\/465524274_489792650120707_7034117327926999435_n-300x200.png 300w, https:\/\/rockvell.com\/wp-content\/uploads\/2024\/11\/465524274_489792650120707_7034117327926999435_n-768x512.png 768w, https:\/\/rockvell.com\/wp-content\/uploads\/2024\/11\/465524274_489792650120707_7034117327926999435_n-360x240.png 360w, https:\/\/rockvell.com\/wp-content\/uploads\/2024\/11\/465524274_489792650120707_7034117327926999435_n.png 1196w\" sizes=\"(max-width: 1024px) 100vw, 1024px\" \/><\/figure><\/div>\n\n\n<p>Onun s\u00f6zl\u0259rin\u0259 g\u00f6r\u0259, yeni qabla\u015fd\u0131rmada m\u0259hsullar\u0131n \u00fcz\u0259rind\u0259 bu ni\u015fan \u0259ks olunacaq. \u201cG\u00fcrc\u00fcstan v\u0259 Qazax\u0131standan ixraca dair sifari\u015fl\u0259r daxil olub ki, bu bazarlara dekabr ay\u0131ndan t\u0259dar\u00fckl\u0259r\u0259 ba\u015flan\u0131lacaq. Qeyd edim ki, biz \u018fl\u0259t Azad \u0130qtisadi Zonas\u0131nda rezident statusunun \u0259ld\u0259 olunmas\u0131 il\u0259 ba\u011fl\u0131 m\u00fcraci\u0259t etmi\u015fik v\u0259 m\u00fcraci\u0259timiz\u0259 m\u00fcsb\u0259t r\u0259y verilib. Burada istehsal\u0131n t\u0259\u015fkili il\u0259 ba\u011fl\u0131 \u00c7in, Koreya v\u0259 Tayvandan z\u0259ruri olan avadanl\u0131qlar\u0131n al\u0131nmas\u0131na dair sifari\u015fl\u0259r vermi\u015fik. \u018fl\u0259t Azad \u0130qtisadi Zonas\u0131nda istehsal\u0131n t\u0259\u015fkili m\u0259hsullar\u0131m\u0131z\u0131 Avropa bazar\u0131na da ixrac etm\u0259y\u0259 imkan yaradacaq\u201d, &#8211; A.F\u0259rhadl\u0131 \u0259lav\u0259 edib.<\/p>\n\n\n\n<p>Qeyd ed\u0259k ki, \u015firk\u0259t t\u0259r\u0259find\u0259n minik v\u0259 kommersiya avtomobill\u0259ri, h\u0259m\u00e7inin s\u0259naye, tikinti, k\u0259nd t\u0259s\u0259rr\u00fcfat\u0131, da\u011f-m\u0259d\u0259n v\u0259 d\u0259niz sah\u0259l\u0259rind\u0259 istifad\u0259 olunan texnikalar\u0131n filtrl\u0259ri istehsal edilir.<\/p>\n","protected":false},"excerpt":{"rendered":"<p>Daha bir m\u0259hsul \u201cMade in Turan\u201d ni\u015fan\u0131 il\u0259 ixrac edil\u0259c\u0259k Az\u0259rbaycan\u0131n filtr m\u0259hsullar\u0131n\u0131n istehsal\u00e7\u0131s\u0131 \u201cAz Filter\u201d \u015firk\u0259ti 2025-ci ilin yanvar ay\u0131ndan etibar\u0259n m\u0259hsullar\u0131n\u0131 \u201cMade in Turan\u201d ni\u015fan\u0131 alt\u0131nda ixrac ed\u0259c\u0259k. Bu bar\u0259d\u0259 \u201cAz\u0259rbaycan iqtisadiyyat\u0131\u201d Teleqram&#8230;<\/p>\n","protected":false},"author":2,"featured_media":30996,"comment_status":"closed","ping_status":"closed","sticky":false,"template":"","format":"standard","meta":{"footnotes":""},"categories":[41],"tags":[],"aioseo_notices":[],"_links":{"self":[{"href":"https:\/\/rockvell.com\/index.php?rest_route=\/wp\/v2\/posts\/30995"}],"collection":[{"href":"https:\/\/rockvell.com\/index.php?rest_route=\/wp\/v2\/posts"}],"about":[{"href":"https:\/\/rockvell.com\/index.php?rest_route=\/wp\/v2\/types\/post"}],"author":[{"embeddable":true,"href":"https:\/\/rockvell.com\/index.php?rest_route=\/wp\/v2\/users\/2"}],"replies":[{"embeddable":true,"href":"https:\/\/rockvell.com\/index.php?rest_route=%2Fwp%2Fv2%2Fcomments&post=30995"}],"version-history":[{"count":1,"href":"https:\/\/rockvell.com\/index.php?rest_route=\/wp\/v2\/posts\/30995\/revisions"}],"predecessor-version":[{"id":30997,"href":"https:\/\/rockvell.com\/index.php?rest_route=\/wp\/v2\/posts\/30995\/revisions\/30997"}],"wp:featuredmedia":[{"embeddable":true,"href":"https:\/\/rockvell.com\/index.php?rest_route=\/wp\/v2\/media\/30996"}],"wp:attachment":[{"href":"https:\/\/rockvell.com\/index.php?rest_route=%2Fwp%2Fv2%2Fmedia&parent=30995"}],"wp:term":[{"taxonomy":"category","embeddable":true,"href":"https:\/\/rockvell.com\/index.php?rest_route=%2Fwp%2Fv2%2Fcategories&post=30995"},{"taxonomy":"post_tag","embeddable":true,"href":"https:\/\/rockvell.com\/index.php?rest_route=%2Fwp%2Fv2%2Ftags&post=30995"}],"curies":[{"name":"wp","href":"https:\/\/api.w.org\/{rel}","templated":true}]}}