{"id":31908,"date":"2024-12-23T02:00:00","date_gmt":"2024-12-22T23:00:00","guid":{"rendered":"https:\/\/rockvell.com\/?p=31908"},"modified":"2024-12-23T11:44:43","modified_gmt":"2024-12-23T08:44:43","slug":"turkiy%c9%99-kapitalli-sirk%c9%99t%c9%99-sumqayit-kimya-s%c9%99naye-parkinin-rezidenti-statusu-verilib","status":"publish","type":"post","link":"https:\/\/rockvell.com\/?p=31908","title":{"rendered":"T\u00fcrkiy\u0259 kapitall\u0131 \u015firk\u0259t\u0259 Sumqay\u0131t Kimya S\u0259naye Park\u0131n\u0131n rezidenti statusu verilib"},"content":{"rendered":"\n<p class=\"has-medium-font-size\"><strong>T\u00fcrkiy\u0259 kapitall\u0131 \u015firk\u0259t\u0259 Sumqay\u0131t Kimya S\u0259naye Park\u0131n\u0131n rezidenti statusu verilib<\/strong><\/p>\n\n\n\n<p><em>Sumqay\u0131t Kimya S\u0259naye Park\u0131n\u0131n yeni rezidenti t\u0259r\u0259find\u0259n 120 yeni i\u015f yeri yarad\u0131lacaq.<\/em><\/p>\n\n\n\n<p>T\u00fcrkiy\u0259 kapitall\u0131 \u201cEurotec Group\u201d MMC-y\u0259 \u0130qtisadiyyat Nazirliyinin tabeliyind\u0259 \u0130qtisadi Zonalar\u0131n \u0130nki\u015faf\u0131 Agentliyinin idar\u0259\u00e7iliyind\u0259 olan Sumqay\u0131t Kimya S\u0259naye Park\u0131n\u0131n rezidenti statusu verilib, bununla da S\u0259naye Park\u0131n\u0131n rezidentl\u0259rinin say\u0131 42-y\u0259 \u00e7at\u0131b.<\/p>\n\n\n<div class=\"wp-block-image\">\n<figure class=\"aligncenter size-large is-resized\"><img loading=\"lazy\" decoding=\"async\" width=\"904\" height=\"1024\" src=\"https:\/\/rockvell.com\/wp-content\/uploads\/2024\/12\/OTtxsTTwZt3BfKfouRN2W77xvv7uKPSkYDjyDkc4-904x1024.jpg\" alt=\"\" class=\"wp-image-31909\" style=\"width:428px;height:auto\" srcset=\"https:\/\/rockvell.com\/wp-content\/uploads\/2024\/12\/OTtxsTTwZt3BfKfouRN2W77xvv7uKPSkYDjyDkc4-904x1024.jpg 904w, https:\/\/rockvell.com\/wp-content\/uploads\/2024\/12\/OTtxsTTwZt3BfKfouRN2W77xvv7uKPSkYDjyDkc4-265x300.jpg 265w, https:\/\/rockvell.com\/wp-content\/uploads\/2024\/12\/OTtxsTTwZt3BfKfouRN2W77xvv7uKPSkYDjyDkc4-768x870.jpg 768w, https:\/\/rockvell.com\/wp-content\/uploads\/2024\/12\/OTtxsTTwZt3BfKfouRN2W77xvv7uKPSkYDjyDkc4-1355x1536.jpg 1355w, https:\/\/rockvell.com\/wp-content\/uploads\/2024\/12\/OTtxsTTwZt3BfKfouRN2W77xvv7uKPSkYDjyDkc4-360x408.jpg 360w, https:\/\/rockvell.com\/wp-content\/uploads\/2024\/12\/OTtxsTTwZt3BfKfouRN2W77xvv7uKPSkYDjyDkc4.jpg 1772w\" sizes=\"(max-width: 904px) 100vw, 904px\" \/><\/figure><\/div>\n\n\n<p>Yeni rezident t\u0259r\u0259find\u0259n S\u0259naye Park\u0131n\u0131n 2 hektar \u0259razisind\u0259 ild\u0259 200 min \u0259d\u0259d metal \u00e7\u0259ll\u0259k istehsal etm\u0259k g\u00fcc\u00fcnd\u0259 olan zavodun qurulmas\u0131 n\u0259z\u0259rd\u0259 tutulur. \u0130nvestisiya h\u0259cmi 9 milyon manat olan m\u00fc\u0259ssis\u0259d\u0259 120 n\u0259f\u0259rlik daimi i\u015f yeri yarad\u0131lacaq.<\/p>\n\n\n\n<p>Bel\u00e7ikan\u0131n qabaqc\u0131l texnologiyas\u0131ndan istifad\u0259 edil\u0259c\u0259k m\u00fc\u0259ssis\u0259d\u0259 istehsal olunacaq m\u0259hsullar\u0131n daxili bazarda sat\u0131\u015f\u0131 il\u0259 yana\u015f\u0131, ixrac\u0131 da planla\u015fd\u0131r\u0131l\u0131r.<\/p>\n","protected":false},"excerpt":{"rendered":"<p>T\u00fcrkiy\u0259 kapitall\u0131 \u015firk\u0259t\u0259 Sumqay\u0131t Kimya S\u0259naye Park\u0131n\u0131n rezidenti statusu verilib Sumqay\u0131t Kimya S\u0259naye Park\u0131n\u0131n yeni rezidenti t\u0259r\u0259find\u0259n 120 yeni i\u015f yeri yarad\u0131lacaq. T\u00fcrkiy\u0259 kapitall\u0131 \u201cEurotec Group\u201d MMC-y\u0259 \u0130qtisadiyyat Nazirliyinin tabeliyind\u0259 \u0130qtisadi Zonalar\u0131n \u0130nki\u015faf\u0131 Agentliyinin idar\u0259\u00e7iliyind\u0259&#8230;<\/p>\n","protected":false},"author":2,"featured_media":31909,"comment_status":"closed","ping_status":"closed","sticky":false,"template":"","format":"standard","meta":{"footnotes":""},"categories":[41],"tags":[],"aioseo_notices":[],"_links":{"self":[{"href":"https:\/\/rockvell.com\/index.php?rest_route=\/wp\/v2\/posts\/31908"}],"collection":[{"href":"https:\/\/rockvell.com\/index.php?rest_route=\/wp\/v2\/posts"}],"about":[{"href":"https:\/\/rockvell.com\/index.php?rest_route=\/wp\/v2\/types\/post"}],"author":[{"embeddable":true,"href":"https:\/\/rockvell.com\/index.php?rest_route=\/wp\/v2\/users\/2"}],"replies":[{"embeddable":true,"href":"https:\/\/rockvell.com\/index.php?rest_route=%2Fwp%2Fv2%2Fcomments&post=31908"}],"version-history":[{"count":1,"href":"https:\/\/rockvell.com\/index.php?rest_route=\/wp\/v2\/posts\/31908\/revisions"}],"predecessor-version":[{"id":31910,"href":"https:\/\/rockvell.com\/index.php?rest_route=\/wp\/v2\/posts\/31908\/revisions\/31910"}],"wp:featuredmedia":[{"embeddable":true,"href":"https:\/\/rockvell.com\/index.php?rest_route=\/wp\/v2\/media\/31909"}],"wp:attachment":[{"href":"https:\/\/rockvell.com\/index.php?rest_route=%2Fwp%2Fv2%2Fmedia&parent=31908"}],"wp:term":[{"taxonomy":"category","embeddable":true,"href":"https:\/\/rockvell.com\/index.php?rest_route=%2Fwp%2Fv2%2Fcategories&post=31908"},{"taxonomy":"post_tag","embeddable":true,"href":"https:\/\/rockvell.com\/index.php?rest_route=%2Fwp%2Fv2%2Ftags&post=31908"}],"curies":[{"name":"wp","href":"https:\/\/api.w.org\/{rel}","templated":true}]}}