{"id":33776,"date":"2025-02-28T09:00:00","date_gmt":"2025-02-28T06:00:00","guid":{"rendered":"https:\/\/rockvell.com\/?p=33776"},"modified":"2025-02-28T19:02:22","modified_gmt":"2025-02-28T16:02:22","slug":"bakida-vaqif-mustafazad%c9%99nin-85-illiyin%c9%99-h%c9%99sr-olunmus-yubiley-konserti-keciril%c9%99c%c9%99k","status":"publish","type":"post","link":"https:\/\/rockvell.com\/?p=33776","title":{"rendered":"Bak\u0131da Vaqif Mustafazad\u0259nin 85 illiyin\u0259 h\u0259sr olunmu\u015f yubiley konserti ke\u00e7iril\u0259c\u0259k"},"content":{"rendered":"\n<p class=\"has-medium-font-size\"><strong>Bak\u0131da Vaqif Mustafazad\u0259nin 85 illiyin\u0259 h\u0259sr olunmu\u015f yubiley konserti ke\u00e7iril\u0259c\u0259k.<\/strong><\/p>\n\n\n\n<p>16 martda Heyd\u0259r \u018fliyev Saray\u0131nda Az\u0259rbaycan\u0131n \u0259m\u0259kdar artisti, b\u00f6y\u00fck caz pianisti v\u0259 b\u0259st\u0259kar\u0131, Vaqif Mustafazad\u0259nin anadan olmas\u0131n\u0131n 85 illiyin\u0259 h\u0259sr olunmu\u015f m\u00f6ht\u0259\u015f\u0259m yubiley konserti ke\u00e7iril\u0259c\u0259k.<\/p>\n\n\n<div class=\"wp-block-image\">\n<figure class=\"aligncenter size-full is-resized\"><img loading=\"lazy\" decoding=\"async\" width=\"600\" height=\"600\" src=\"https:\/\/rockvell.com\/wp-content\/uploads\/2025\/02\/nmH1xeoANuSZIymawy0ekbXaMV3qbcfNOk8IbfBU.jpg\" alt=\"\" class=\"wp-image-33777\" style=\"width:446px;height:auto\" srcset=\"https:\/\/rockvell.com\/wp-content\/uploads\/2025\/02\/nmH1xeoANuSZIymawy0ekbXaMV3qbcfNOk8IbfBU.jpg 600w, https:\/\/rockvell.com\/wp-content\/uploads\/2025\/02\/nmH1xeoANuSZIymawy0ekbXaMV3qbcfNOk8IbfBU-300x300.jpg 300w, https:\/\/rockvell.com\/wp-content\/uploads\/2025\/02\/nmH1xeoANuSZIymawy0ekbXaMV3qbcfNOk8IbfBU-150x150.jpg 150w, https:\/\/rockvell.com\/wp-content\/uploads\/2025\/02\/nmH1xeoANuSZIymawy0ekbXaMV3qbcfNOk8IbfBU-360x360.jpg 360w\" sizes=\"(max-width: 600px) 100vw, 600px\" \/><\/figure><\/div>\n\n\n<p>Konsertin t\u0259\u015fkilat\u00e7\u0131s\u0131- 33 EVENT<\/p>\n\n\n\n<p>Az\u0259rbaycan caz\u0131n\u0131n banisi olan Mustafazad\u0259 musiqi d\u00fcnyas\u0131nda unudulmaz iz qoymu\u015fdur. Onun \u015e\u0259rq v\u0259 Q\u0259rb motivl\u0259rinin toxundu\u011fu b\u0259nz\u0259rsiz musiqisi d\u00fcnyada dinl\u0259yicil\u0259ri ilhamland\u0131rma\u011fa davam edir.<\/p>\n\n\n\n<p>Yubiley gec\u0259d\u0259 Vaqif Mustafazad\u0259nin&nbsp; q\u0131z\u0131, istedadl\u0131 caz ifa\u00e7\u0131s\u0131, Az\u0259rbaycan\u0131n xalq artisti Aziz\u0259 Mustafazad\u0259 v\u0259 n\u0259v\u0259si Ramiz Xan \u00e7\u0131x\u0131\u015f ed\u0259c\u0259kl\u0259r. Konsertd\u0259 b\u00f6y\u00fck maestronun yarad\u0131c\u0131l\u0131\u011f\u0131ndan ilhamlanm\u0131\u015f v\u0259 onun \u0259s\u0259rl\u0259rini ifa ed\u0259n musiqi\u00e7il\u0259rd\u0259 yer alacaq.<\/p>\n\n\n\n<p>Biletl\u0259ri \u015f\u0259h\u0259rin b\u00fct\u00fcn kassalar\u0131ndan v\u0259 \u0130tickets.az sayt\u0131ndan \u0259ld\u0259 etm\u0259k m\u00fcmk\u00fcnd\u00fcr.&nbsp; Qiym\u0259t- 49 &#8211; 249 \u20bc<\/p>\n","protected":false},"excerpt":{"rendered":"<p>Bak\u0131da Vaqif Mustafazad\u0259nin 85 illiyin\u0259 h\u0259sr olunmu\u015f yubiley konserti ke\u00e7iril\u0259c\u0259k. 16 martda Heyd\u0259r \u018fliyev Saray\u0131nda Az\u0259rbaycan\u0131n \u0259m\u0259kdar artisti, b\u00f6y\u00fck caz pianisti v\u0259 b\u0259st\u0259kar\u0131, Vaqif Mustafazad\u0259nin anadan olmas\u0131n\u0131n 85 illiyin\u0259 h\u0259sr olunmu\u015f m\u00f6ht\u0259\u015f\u0259m yubiley konserti ke\u00e7iril\u0259c\u0259k&#8230;.<\/p>\n","protected":false},"author":2,"featured_media":33777,"comment_status":"closed","ping_status":"closed","sticky":false,"template":"","format":"standard","meta":{"footnotes":""},"categories":[48],"tags":[],"aioseo_notices":[],"_links":{"self":[{"href":"https:\/\/rockvell.com\/index.php?rest_route=\/wp\/v2\/posts\/33776"}],"collection":[{"href":"https:\/\/rockvell.com\/index.php?rest_route=\/wp\/v2\/posts"}],"about":[{"href":"https:\/\/rockvell.com\/index.php?rest_route=\/wp\/v2\/types\/post"}],"author":[{"embeddable":true,"href":"https:\/\/rockvell.com\/index.php?rest_route=\/wp\/v2\/users\/2"}],"replies":[{"embeddable":true,"href":"https:\/\/rockvell.com\/index.php?rest_route=%2Fwp%2Fv2%2Fcomments&post=33776"}],"version-history":[{"count":1,"href":"https:\/\/rockvell.com\/index.php?rest_route=\/wp\/v2\/posts\/33776\/revisions"}],"predecessor-version":[{"id":33778,"href":"https:\/\/rockvell.com\/index.php?rest_route=\/wp\/v2\/posts\/33776\/revisions\/33778"}],"wp:featuredmedia":[{"embeddable":true,"href":"https:\/\/rockvell.com\/index.php?rest_route=\/wp\/v2\/media\/33777"}],"wp:attachment":[{"href":"https:\/\/rockvell.com\/index.php?rest_route=%2Fwp%2Fv2%2Fmedia&parent=33776"}],"wp:term":[{"taxonomy":"category","embeddable":true,"href":"https:\/\/rockvell.com\/index.php?rest_route=%2Fwp%2Fv2%2Fcategories&post=33776"},{"taxonomy":"post_tag","embeddable":true,"href":"https:\/\/rockvell.com\/index.php?rest_route=%2Fwp%2Fv2%2Ftags&post=33776"}],"curies":[{"name":"wp","href":"https:\/\/api.w.org\/{rel}","templated":true}]}}