{"id":34777,"date":"2025-04-04T08:00:00","date_gmt":"2025-04-04T05:00:00","guid":{"rendered":"https:\/\/rockvell.com\/?p=34777"},"modified":"2025-04-05T12:13:42","modified_gmt":"2025-04-05T09:13:42","slug":"tagiyev-car-park-cinemada","status":"publish","type":"post","link":"https:\/\/rockvell.com\/?p=34777","title":{"rendered":"\u201cTa\u011f\u0131yev. \u00c7ar\u201d Park Cinemada"},"content":{"rendered":"\n<p class=\"has-medium-font-size\"><strong>\u201cTa\u011f\u0131yev. \u00c7ar\u201d Park Cinemada<\/strong><\/p>\n\n\n\n<p>Aprelin 3-d\u0259n \u201c<a href=\"https:\/\/new.parkcinema.az\/az\/movie\/67ed0f94d596ba0a67b56dd4\" target=\"_blank\" rel=\"noopener\" title=\"\">Park Cinema<\/a>\u201d\u00a0 kinoteatrlar \u015f\u0259b\u0259k\u0259sind\u0259 d\u00f6rd hiss\u0259d\u0259n ibar\u0259t \u201cTa\u011f\u0131yev\u201d tarixi filminin \u00e7oxdan g\u00f6zl\u0259nil\u0259n ikinci hiss\u0259sinin \u2013 \u201cTa\u011f\u0131yev. \u00c7ar\u201d\u0131n n\u00fcmayi\u015fi ba\u015flan\u0131b.<\/p>\n\n\n\n<p>Ekran \u0259s\u0259ri Heyd\u0259r \u018fliyev Fondu, M\u0259d\u0259niyy\u0259t Nazirliyi v\u0259 Kino Agentliyinin d\u0259st\u0259yi il\u0259 Bak\u0131 Media M\u0259rk\u0259zi t\u0259r\u0259find\u0259n lent\u0259 al\u0131n\u0131b.<\/p>\n\n\n<div class=\"wp-block-image\">\n<figure class=\"aligncenter size-full is-resized\"><img loading=\"lazy\" decoding=\"async\" width=\"768\" height=\"432\" src=\"https:\/\/rockvell.com\/wp-content\/uploads\/2025\/04\/Poster-2-768x432-1.jpg\" alt=\"\" class=\"wp-image-34778\" style=\"width:455px;height:auto\" srcset=\"https:\/\/rockvell.com\/wp-content\/uploads\/2025\/04\/Poster-2-768x432-1.jpg 768w, https:\/\/rockvell.com\/wp-content\/uploads\/2025\/04\/Poster-2-768x432-1-300x169.jpg 300w, https:\/\/rockvell.com\/wp-content\/uploads\/2025\/04\/Poster-2-768x432-1-360x203.jpg 360w\" sizes=\"(max-width: 768px) 100vw, 768px\" \/><\/figure><\/div>\n\n\n<p>Filmin&nbsp; ba\u015f prod\u00fcseri Arzu \u018fliyeva, prod\u00fcseri Orman \u018fliyev, rejissoru Zaur Qas\u0131ml\u0131, ssenari m\u00fc\u0259llifl\u0259ri \u0130smay\u0131l \u0130man, Asif \u0130sg\u0259nd\u0259rli v\u0259 Zaur Qas\u0131ml\u0131, operatoru Vladimir Artemyev, r\u0259ssam\u0131 S\u0259buhi Atababayev, geyim r\u0259ssam\u0131 V\u00fcsal R\u0259him, b\u0259st\u0259kar\u0131 Etibar \u018fs\u0259dlidir.<\/p>\n\n\n\n<p>Film c\u0259miyy\u0259tin inki\u015faf\u0131nda, milli d\u0259y\u0259rl\u0259rin t\u0259bli\u011find\u0259 m\u00fch\u00fcm xidm\u0259tl\u0259ri olan, ad\u0131n\u0131 \u00f6lk\u0259 salnam\u0259sin\u0259 h\u0259kk etmi\u015f b\u00f6y\u00fck xeyriyy\u0259\u00e7inin v\u0259fat\u0131n\u0131n 100 illiyin\u0259 \u00f6z\u0259l \u00e7\u0259kilib.<\/p>\n\n\n\n<figure class=\"wp-block-embed is-type-video is-provider-youtube wp-block-embed-youtube wp-embed-aspect-16-9 wp-has-aspect-ratio\"><div class=\"wp-block-embed__wrapper\">\n<div class=\"embed-container\"><iframe loading=\"lazy\" title=\"Ta\u011f\u0131yev film | 2-ci hiss\u0259: \u00c7ar | Treyler\" width=\"1140\" height=\"641\" src=\"https:\/\/www.youtube.com\/embed\/T2DO2juNRMo?feature=oembed\" frameborder=\"0\" allow=\"accelerometer; autoplay; clipboard-write; encrypted-media; gyroscope; picture-in-picture; web-share\" referrerpolicy=\"strict-origin-when-cross-origin\" allowfullscreen><\/iframe><\/div>\n<\/div><\/figure>\n\n\n\n<p>\u201cTa\u011f\u0131yev. \u00c7ar\u201d haqq\u0131nda q\u0131saca: 1888-ci ilin pay\u0131z\u0131nda Bak\u0131 Zati-alil\u0259ri \u0130mperator III Aleksandr\u0131n s\u0259f\u0259rin\u0259 haz\u0131rla\u015f\u0131r. Milyon\u00e7u v\u0259 Bak\u0131 \u015e\u0259h\u0259r Dumas\u0131n\u0131n \u00fczv\u00fc Hac\u0131 Zeynalabdin Ta\u011f\u0131yev c\u0259miyy\u0259td\u0259 n\u00fcfuz v\u0259 status u\u011frunda m\u00fcbariz\u0259 apar\u0131r. \u015e\u0259h\u0259r r\u0259isi Orlovski \u00f6z v\u0259zif\u0259sind\u0259n istifad\u0259 ed\u0259r\u0259k intihar etmi\u015f T\u0259ymurb\u0259yovun neft sah\u0259sini \u0259l\u0259 ke\u00e7irm\u0259k ist\u0259yir. Bu arada Hac\u0131n\u0131n b\u00f6y\u00fck o\u011flu \u0130smay\u0131l general\u0131n q\u0131z\u0131 Nurcahan Arablinskaya il\u0259 tan\u0131\u015f olur v\u0259 onunla evl\u0259nm\u0259k niyy\u0259tind\u0259dir.<\/p>\n","protected":false},"excerpt":{"rendered":"<p>\u201cTa\u011f\u0131yev. \u00c7ar\u201d Park Cinemada Aprelin 3-d\u0259n \u201cPark Cinema\u201d\u00a0 kinoteatrlar \u015f\u0259b\u0259k\u0259sind\u0259 d\u00f6rd hiss\u0259d\u0259n ibar\u0259t \u201cTa\u011f\u0131yev\u201d tarixi filminin \u00e7oxdan g\u00f6zl\u0259nil\u0259n ikinci hiss\u0259sinin \u2013 \u201cTa\u011f\u0131yev. \u00c7ar\u201d\u0131n n\u00fcmayi\u015fi ba\u015flan\u0131b. Ekran \u0259s\u0259ri Heyd\u0259r \u018fliyev Fondu, M\u0259d\u0259niyy\u0259t Nazirliyi v\u0259 Kino Agentliyinin&#8230;<\/p>\n","protected":false},"author":2,"featured_media":34778,"comment_status":"closed","ping_status":"closed","sticky":false,"template":"","format":"standard","meta":{"footnotes":""},"categories":[48],"tags":[],"aioseo_notices":[],"_links":{"self":[{"href":"https:\/\/rockvell.com\/index.php?rest_route=\/wp\/v2\/posts\/34777"}],"collection":[{"href":"https:\/\/rockvell.com\/index.php?rest_route=\/wp\/v2\/posts"}],"about":[{"href":"https:\/\/rockvell.com\/index.php?rest_route=\/wp\/v2\/types\/post"}],"author":[{"embeddable":true,"href":"https:\/\/rockvell.com\/index.php?rest_route=\/wp\/v2\/users\/2"}],"replies":[{"embeddable":true,"href":"https:\/\/rockvell.com\/index.php?rest_route=%2Fwp%2Fv2%2Fcomments&post=34777"}],"version-history":[{"count":2,"href":"https:\/\/rockvell.com\/index.php?rest_route=\/wp\/v2\/posts\/34777\/revisions"}],"predecessor-version":[{"id":34782,"href":"https:\/\/rockvell.com\/index.php?rest_route=\/wp\/v2\/posts\/34777\/revisions\/34782"}],"wp:featuredmedia":[{"embeddable":true,"href":"https:\/\/rockvell.com\/index.php?rest_route=\/wp\/v2\/media\/34778"}],"wp:attachment":[{"href":"https:\/\/rockvell.com\/index.php?rest_route=%2Fwp%2Fv2%2Fmedia&parent=34777"}],"wp:term":[{"taxonomy":"category","embeddable":true,"href":"https:\/\/rockvell.com\/index.php?rest_route=%2Fwp%2Fv2%2Fcategories&post=34777"},{"taxonomy":"post_tag","embeddable":true,"href":"https:\/\/rockvell.com\/index.php?rest_route=%2Fwp%2Fv2%2Ftags&post=34777"}],"curies":[{"name":"wp","href":"https:\/\/api.w.org\/{rel}","templated":true}]}}