{"id":34833,"date":"2025-04-07T06:00:00","date_gmt":"2025-04-07T03:00:00","guid":{"rendered":"https:\/\/rockvell.com\/?p=34833"},"modified":"2025-04-07T16:46:27","modified_gmt":"2025-04-07T13:46:27","slug":"naxcivanda-tunzal%c9%99-agayeva-ruzgari-%c9%99sdi","status":"publish","type":"post","link":"https:\/\/rockvell.com\/?p=34833","title":{"rendered":"Nax\u00e7\u0131vanda T\u00fcnzal\u0259 A\u011fayeva r\u00fczgar\u0131 \u0259sdi"},"content":{"rendered":"\n<p class=\"has-medium-font-size\"><strong>Nax\u00e7\u0131vanda T\u00fcnzal\u0259 A\u011fayeva r\u00fczgar\u0131 \u0259sdi<\/strong><\/p>\n\n\n\n<p>Xalq artisti T\u00fcnzal\u0259 A\u011fayeva Nax\u00e7\u0131vanda solo konsert verdi. Xalq artisti T\u00fcnzal\u0259 A\u011fayeva solo konsert proqram\u0131 il\u0259 \u00e7\u0131x\u0131\u015f edib.<\/p>\n\n\n\n<p>Rockvell x\u0259b\u0259r verir ki, pop star Nax\u00e7\u0131van Muxtar Respublikas\u0131 M\u0259d\u0259niyy\u0259t Nazirliyinin v\u0259 \u201cAutizmli U\u015faqlara D\u0259st\u0259k \u0130ctimai Birliyi\u201dnin s\u0259dri doktor Ayaz Seyidlinin d\u0259v\u0259ti il\u0259 Nax\u00e7\u0131van \u015f\u0259h\u0259rin\u0259 t\u0259\u015frif buyurub. Estrada ulduzunu ilk olaraq Hava liman\u0131nda jurnalistl\u0259r qar\u015f\u0131lay\u0131blar.\u00a0<\/p>\n\n\n\n<figure class=\"wp-block-gallery aligncenter has-nested-images columns-default is-cropped wp-block-gallery-1 is-layout-flex wp-block-gallery-is-layout-flex\">\n<figure class=\"wp-block-image size-large\"><a href=\"https:\/\/rockvell.com\/wp-content\/uploads\/2025\/04\/3.webp\" target=\"_blank\" rel=\"noopener\" data-rel=\"lightbox-gallery-z26zhiwj\" data-rl_title=\"\" data-rl_caption=\"\" title=\"\"><img loading=\"lazy\" decoding=\"async\" width=\"682\" height=\"1024\" data-id=\"34836\" src=\"https:\/\/rockvell.com\/wp-content\/uploads\/2025\/04\/3-682x1024.webp\" alt=\"\" class=\"wp-image-34836\" srcset=\"https:\/\/rockvell.com\/wp-content\/uploads\/2025\/04\/3-682x1024.webp 682w, https:\/\/rockvell.com\/wp-content\/uploads\/2025\/04\/3-200x300.webp 200w, https:\/\/rockvell.com\/wp-content\/uploads\/2025\/04\/3-768x1152.webp 768w, https:\/\/rockvell.com\/wp-content\/uploads\/2025\/04\/3-360x540.webp 360w, https:\/\/rockvell.com\/wp-content\/uploads\/2025\/04\/3.webp 853w\" sizes=\"(max-width: 682px) 100vw, 682px\" \/><\/a><\/figure>\n\n\n\n<figure class=\"wp-block-image size-large\"><a href=\"https:\/\/rockvell.com\/wp-content\/uploads\/2025\/04\/7.webp\" target=\"_blank\" rel=\"noopener\" data-rel=\"lightbox-gallery-z26zhiwj\" data-rl_title=\"\" data-rl_caption=\"\" title=\"\"><img loading=\"lazy\" decoding=\"async\" width=\"682\" height=\"1024\" data-id=\"34838\" src=\"https:\/\/rockvell.com\/wp-content\/uploads\/2025\/04\/7-682x1024.webp\" alt=\"\" class=\"wp-image-34838\" srcset=\"https:\/\/rockvell.com\/wp-content\/uploads\/2025\/04\/7-682x1024.webp 682w, https:\/\/rockvell.com\/wp-content\/uploads\/2025\/04\/7-200x300.webp 200w, https:\/\/rockvell.com\/wp-content\/uploads\/2025\/04\/7-768x1152.webp 768w, https:\/\/rockvell.com\/wp-content\/uploads\/2025\/04\/7-360x540.webp 360w, https:\/\/rockvell.com\/wp-content\/uploads\/2025\/04\/7.webp 853w\" sizes=\"(max-width: 682px) 100vw, 682px\" \/><\/a><\/figure>\n\n\n\n<figure class=\"wp-block-image size-large\"><a href=\"https:\/\/rockvell.com\/wp-content\/uploads\/2025\/04\/5.webp\" target=\"_blank\" rel=\"noopener\" data-rel=\"lightbox-gallery-z26zhiwj\" data-rl_title=\"\" data-rl_caption=\"\" title=\"\"><img loading=\"lazy\" decoding=\"async\" width=\"682\" height=\"1024\" data-id=\"34837\" src=\"https:\/\/rockvell.com\/wp-content\/uploads\/2025\/04\/5-682x1024.webp\" alt=\"\" class=\"wp-image-34837\" srcset=\"https:\/\/rockvell.com\/wp-content\/uploads\/2025\/04\/5-682x1024.webp 682w, https:\/\/rockvell.com\/wp-content\/uploads\/2025\/04\/5-200x300.webp 200w, https:\/\/rockvell.com\/wp-content\/uploads\/2025\/04\/5-768x1152.webp 768w, https:\/\/rockvell.com\/wp-content\/uploads\/2025\/04\/5-360x540.webp 360w, https:\/\/rockvell.com\/wp-content\/uploads\/2025\/04\/5.webp 853w\" sizes=\"(max-width: 682px) 100vw, 682px\" \/><\/a><\/figure>\n<\/figure>\n\n\n\n<p>Xalq artistinin s\u00f6zl\u0259rin\u0259 g\u00f6r\u0259 konsertin m\u0259hz autizmli u\u015faqlara h\u0259sr olunmas\u0131 onu \u00e7ox sevindirib v\u0259 h\u0259y\u0259canland\u0131r\u0131b: \u201cB\u00fct\u00fcn t\u0259\u015fkilat\u00e7\u0131lara b\u00f6y\u00fck t\u0259\u015f\u0259kk\u00fcr\u00fcm var. \u00c7\u00fcnki autizmli u\u015faqlara d\u0259st\u0259k olmaq \u00e7ox b\u00f6y\u00fck t\u0259\u015f\u0259bb\u00fcsd\u00fcr. Bu bizim b\u00fct\u00fcn d\u00fcnyam\u0131z\u0131 narahat ed\u0259n bir problemdir. Sa\u011f olsun Ayt\u0259n Eynalova, m\u0259hz onun say\u0259sind\u0259 autizmli u\u015faqlar\u0131m\u0131z\u0131 tan\u0131d\u0131m, onlarla \u00fcnsiyy\u0259t qurdum. Onu da deyim ki, m\u0259n \u00f6mr\u00fcm\u00fc autizm\u0259 h\u0259sr el\u0259dim v\u0259 bundan sonra da onlar\u0131n s\u0259firi kimi h\u0259r zaman yanlar\u0131nda olub d\u0259st\u0259k olaca\u011fam. Allah onlar\u0131 daim qorusun\u201d.<\/p>\n\n\n\n<p>Sevil\u0259n m\u00fc\u011f\u0259nni Nax\u00e7\u0131vanda yerl\u0259\u015f\u0259n Heyd\u0259r \u018fliyev Saray\u0131nda tama\u015fa\u00e7\u0131lar\u0131n\u0131n qar\u015f\u0131s\u0131s\u0131na \u00e7\u0131x\u0131b. Konsert proqram\u0131n\u0131 idar\u0259 etm\u0259k m\u0259\u015fhur teleapar\u0131c\u0131 Ayt\u0259kin M\u0259rdanovaya h\u0259val\u0259 olunub. T\u00fcnzal\u0259 A\u011fayevan\u0131 s\u0259hn\u0259d\u0259 \u201cT\u00fcnzal\u0259 music band\u201d ansambl\u0131, \u201cT\u00fcnzal\u0259 dance group\u201d adl\u0131 r\u0259qs qrupu v\u0259 m\u0259\u015fhur gitara ifa\u00e7\u0131s\u0131 R\u0259hman M\u0259mm\u0259dli m\u00fc\u015fayi\u0259t edib. A\u011fayeva konsert boyunca \u0259n unudulmayan, sevil\u0259n v\u0259 dill\u0259r\u0259zb\u0259rin\u0259 \u00e7evril\u0259n hitl\u0259rini canl\u0131 ifa edib. H\u0259r k\u0259s d\u0259 T\u00fcnzal\u0259 A\u011fayeva il\u0259 birlikd\u0259 b\u00fct\u00fcn ifalar\u0131 \u0259zb\u0259r\u0259 s\u00f6yl\u0259yib. Gec\u0259d\u0259 sev\u0259nl\u0259rin\u0259 bir s\u0131ra s\u00fcrprizl\u0259r t\u0259qdim ed\u0259n m\u00fc\u011f\u0259nni ill\u0259rdir \u00f6z aktuall\u0131\u011f\u0131n\u0131 qoruyub saxlayan \u201cYand\u0131m, el\u0259 yand\u0131m\u201d v\u0259 \u201cBar\u0131 Nax\u00e7\u0131van\u201d \u0259s\u0259rl\u0259rini s\u0259sl\u0259ndirib.<\/p>\n\n\n\n<p>Konsert boyunca iki geyim d\u0259yi\u015f\u0259n s\u0259n\u0259t\u00e7i obrazlar\u0131 il\u0259 g\u00f6zox\u015fay\u0131b. Xalq artisti \u00e7\u0131x\u0131\u015f\u0131n\u0131n ilk hiss\u0259sind\u0259 ya\u015f\u0131l kostyum, ikinci hiss\u0259d\u0259 is\u0259 qara \u0259lbis\u0259 geyinib. Pop star\u0131n geyiml\u0259rinin m\u00fc\u0259llifi dizayner Orxan Sultan, styling is\u0259 m\u00fc\u011f\u0259nninin \u015f\u0259xsi stilisti \u015eamxal Ramazanl\u0131ya m\u0259xsusdur. S\u0259hn\u0259 makiyaj\u0131n\u0131 stilist Sabir Ba\u011f\u0131rov, sa\u00e7lar\u0131n\u0131 is\u0259 m\u0259\u015fhur stilist F\u0259rid Ba\u011f\u0131rov edib.<\/p>\n\n\n\n<figure class=\"wp-block-gallery aligncenter has-nested-images columns-4 is-cropped wp-block-gallery-2 is-layout-flex wp-block-gallery-is-layout-flex\">\n<figure class=\"wp-block-image size-large\"><a href=\"https:\/\/rockvell.com\/wp-content\/uploads\/2025\/04\/6.webp\" target=\"_blank\" rel=\"noopener\" data-rel=\"lightbox-gallery-z26zhiwj\" data-rl_title=\"\" data-rl_caption=\"\" title=\"\"><img loading=\"lazy\" decoding=\"async\" width=\"1024\" height=\"682\" data-id=\"34841\" src=\"https:\/\/rockvell.com\/wp-content\/uploads\/2025\/04\/6-1024x682.webp\" alt=\"\" class=\"wp-image-34841\" srcset=\"https:\/\/rockvell.com\/wp-content\/uploads\/2025\/04\/6-1024x682.webp 1024w, https:\/\/rockvell.com\/wp-content\/uploads\/2025\/04\/6-300x200.webp 300w, https:\/\/rockvell.com\/wp-content\/uploads\/2025\/04\/6-768x512.webp 768w, https:\/\/rockvell.com\/wp-content\/uploads\/2025\/04\/6-360x240.webp 360w, https:\/\/rockvell.com\/wp-content\/uploads\/2025\/04\/6.webp 1280w\" sizes=\"(max-width: 1024px) 100vw, 1024px\" \/><\/a><\/figure>\n\n\n\n<figure class=\"wp-block-image size-large\"><a href=\"https:\/\/rockvell.com\/wp-content\/uploads\/2025\/04\/4.webp\" target=\"_blank\" rel=\"noopener\" data-rel=\"lightbox-gallery-z26zhiwj\" data-rl_title=\"\" data-rl_caption=\"\" title=\"\"><img loading=\"lazy\" decoding=\"async\" width=\"1024\" height=\"682\" data-id=\"34840\" src=\"https:\/\/rockvell.com\/wp-content\/uploads\/2025\/04\/4-1024x682.webp\" alt=\"\" class=\"wp-image-34840\" srcset=\"https:\/\/rockvell.com\/wp-content\/uploads\/2025\/04\/4-1024x682.webp 1024w, https:\/\/rockvell.com\/wp-content\/uploads\/2025\/04\/4-300x200.webp 300w, https:\/\/rockvell.com\/wp-content\/uploads\/2025\/04\/4-768x512.webp 768w, https:\/\/rockvell.com\/wp-content\/uploads\/2025\/04\/4-360x240.webp 360w, https:\/\/rockvell.com\/wp-content\/uploads\/2025\/04\/4.webp 1280w\" sizes=\"(max-width: 1024px) 100vw, 1024px\" \/><\/a><\/figure>\n\n\n\n<figure class=\"wp-block-image size-large\"><a href=\"https:\/\/rockvell.com\/wp-content\/uploads\/2025\/04\/3c4ad992-625e-4594-a867-f37182606897.webp\" target=\"_blank\" rel=\"noopener\" data-rel=\"lightbox-gallery-z26zhiwj\" data-rl_title=\"\" data-rl_caption=\"\" title=\"\"><img loading=\"lazy\" decoding=\"async\" width=\"1024\" height=\"682\" data-id=\"34839\" src=\"https:\/\/rockvell.com\/wp-content\/uploads\/2025\/04\/3c4ad992-625e-4594-a867-f37182606897-1024x682.webp\" alt=\"\" class=\"wp-image-34839\" srcset=\"https:\/\/rockvell.com\/wp-content\/uploads\/2025\/04\/3c4ad992-625e-4594-a867-f37182606897-1024x682.webp 1024w, https:\/\/rockvell.com\/wp-content\/uploads\/2025\/04\/3c4ad992-625e-4594-a867-f37182606897-300x200.webp 300w, https:\/\/rockvell.com\/wp-content\/uploads\/2025\/04\/3c4ad992-625e-4594-a867-f37182606897-768x512.webp 768w, https:\/\/rockvell.com\/wp-content\/uploads\/2025\/04\/3c4ad992-625e-4594-a867-f37182606897-360x240.webp 360w, https:\/\/rockvell.com\/wp-content\/uploads\/2025\/04\/3c4ad992-625e-4594-a867-f37182606897.webp 1280w\" sizes=\"(max-width: 1024px) 100vw, 1024px\" \/><\/a><\/figure>\n\n\n\n<figure class=\"wp-block-image size-large\"><a href=\"https:\/\/rockvell.com\/wp-content\/uploads\/2025\/04\/2.webp\" target=\"_blank\" rel=\"noopener\" data-rel=\"lightbox-gallery-z26zhiwj\" data-rl_title=\"\" data-rl_caption=\"\" title=\"\"><img loading=\"lazy\" decoding=\"async\" width=\"1280\" height=\"853\" data-id=\"34842\" src=\"https:\/\/rockvell.com\/wp-content\/uploads\/2025\/04\/2-1024x682.webp\" alt=\"\" class=\"wp-image-34842\" srcset=\"https:\/\/rockvell.com\/wp-content\/uploads\/2025\/04\/2-1024x682.webp 1024w, https:\/\/rockvell.com\/wp-content\/uploads\/2025\/04\/2-300x200.webp 300w, https:\/\/rockvell.com\/wp-content\/uploads\/2025\/04\/2-768x512.webp 768w, https:\/\/rockvell.com\/wp-content\/uploads\/2025\/04\/2-360x240.webp 360w, https:\/\/rockvell.com\/wp-content\/uploads\/2025\/04\/2.webp 1280w\" sizes=\"(max-width: 1280px) 100vw, 1280px\" \/><\/a><\/figure>\n<\/figure>\n\n\n\n<p>\u0130zdiham v\u0259 g\u00fcr alq\u0131\u015flarla qar\u015f\u0131lanan Xalq artistinin m\u00f6ht\u0259\u015f\u0259m konsertind\u0259 1000-\u0259 yax\u0131n tama\u015fa\u00e7\u0131 bir araya g\u0259lib. Y\u00fcks\u0259k enerji il\u0259 \u00e7\u0131x\u0131\u015f ed\u0259n pop ulduzun konsert proqram\u0131 an\u015flaqla ke\u00e7ib. Konsertd\u0259n sonra b\u00f6y\u00fck fanat k\u00fctl\u0259si il\u0259 qar\u015f\u0131la\u015fan m\u00fc\u011f\u0259nni sev\u0259nl\u0259ri il\u0259 xatir\u0259 fotolar\u0131 \u00e7\u0259kdirib.<\/p>\n\n\n\n<p>O, t\u0259\u0259ss\u00fcrat\u0131n\u0131 b\u00f6l\u00fc\u015f\u00fcb: \u201cM\u0259nim \u00fc\u00e7\u00fcn \u00e7ox xo\u015fdur ki, bu g\u00fcn m\u0259n Nax\u00e7\u0131vandayam.&nbsp;Buraya h\u0259r g\u0259li\u015fim m\u0259ni xo\u015fb\u0259xt edir. Nax\u00e7\u0131van\u0131n insanlar\u0131, suyu, havas\u0131 m\u0259n\u0259 do\u011fmad\u0131r. H\u0259r bir nax\u00e7\u0131vanl\u0131ya d\u0259rin t\u0259\u015f\u0259kk\u00fcr edir\u0259m. \u00d6z\u00fcm\u00fc \u015fansl\u0131 say\u0131ram ki, bir \u00e7ox layih\u0259l\u0259rd\u0259, x\u00fcsusil\u0259 d\u0259 autizm m\u00f6vzulu layih\u0259l\u0259rd\u0259 i\u015ftirak edir\u0259m. \u018fg\u0259r bir mahn\u0131m bir u\u015fa\u011f\u0131n g\u00fcl\u00fcms\u0259m\u0259sin\u0259 s\u0259b\u0259b olursa, bu m\u0259nim \u00fc\u00e7\u00fcn \u0259n b\u00f6y\u00fck u\u011furdur. Bu konsert d\u0259 bunun s\u00fcbutudur. \u0130nsanlara sevgi, diqq\u0259t v\u0259 qay\u011f\u0131n\u0131 xat\u0131rlatmaq, autizmli u\u015faqlar\u0131n h\u0259yat\u0131na ki\u00e7ik d\u0259 olsa, i\u015f\u0131q sa\u00e7maq \u00fc\u00e7\u00fcn bir f\u00fcrs\u0259tdir. \u018fg\u0259r musiqim, s\u0259sim v\u0259 simam u\u015faqlar\u0131n h\u0259yat\u0131nda bir \u00fcmid\u0259 \u00e7evril\u0259c\u0259ks\u0259, bu m\u0259nim s\u0259n\u0259t yolumun \u0259n d\u0259y\u0259rli an\u0131d\u0131r. \u0130nan\u0131ram ki, bu konsert h\u0259r k\u0259sin diqq\u0259tini bel\u0259 h\u0259ssas m\u0259s\u0259l\u0259y\u0259 y\u00f6n\u0259ltdi. G\u0259lin birlik olaq. Ki\u00e7ik bir d\u0259st\u0259k b\u00f6y\u00fck d\u0259yi\u015fiklikl\u0259r\u0259 s\u0259b\u0259b ola bil\u0259r. \u0130nc\u0259s\u0259n\u0259t, sevgi v\u0259 m\u0259rh\u0259m\u0259t varsa, h\u0259yat g\u00f6z\u0259ldir. Autizmli u\u015faqlar\u0131n c\u0259miyy\u0259timizd\u0259 layiq olduqlar\u0131 yeri tutmalar\u0131 \u00fc\u00e7\u00fcn ham\u0131m\u0131z bir add\u0131m atmal\u0131y\u0131q\u201d.<\/p>\n\n\n\n<figure class=\"wp-block-embed aligncenter is-type-video is-provider-youtube wp-block-embed-youtube wp-embed-aspect-16-9 wp-has-aspect-ratio\"><div class=\"wp-block-embed__wrapper\">\n<div class=\"embed-container\"><iframe loading=\"lazy\" title=\"Nax\u00e7\u0131van, sevgin \u00fc\u00e7\u00fcn \u00e7ox sa\u011f ol\" width=\"1140\" height=\"641\" src=\"https:\/\/www.youtube.com\/embed\/dR7gJF-kkWw?feature=oembed\" frameborder=\"0\" allow=\"accelerometer; autoplay; clipboard-write; encrypted-media; gyroscope; picture-in-picture; web-share\" referrerpolicy=\"strict-origin-when-cross-origin\" allowfullscreen><\/iframe><\/div>\n<\/div><\/figure>\n\n\n\n<p>Qeyd ed\u0259k ki, konsert 2 aprel \u201cD\u00fcnya Autizm M\u0259lumatland\u0131rma g\u00fcn\u00fc\u201dn\u0259 h\u0259sr olunub.&nbsp;<\/p>\n","protected":false},"excerpt":{"rendered":"<p>Nax\u00e7\u0131vanda T\u00fcnzal\u0259 A\u011fayeva r\u00fczgar\u0131 \u0259sdi Xalq artisti T\u00fcnzal\u0259 A\u011fayeva Nax\u00e7\u0131vanda solo konsert verdi. Xalq artisti T\u00fcnzal\u0259 A\u011fayeva solo konsert proqram\u0131 il\u0259 \u00e7\u0131x\u0131\u015f edib. Rockvell x\u0259b\u0259r verir ki, pop star Nax\u00e7\u0131van Muxtar Respublikas\u0131 M\u0259d\u0259niyy\u0259t Nazirliyinin v\u0259&#8230;<\/p>\n","protected":false},"author":2,"featured_media":34840,"comment_status":"closed","ping_status":"closed","sticky":false,"template":"","format":"standard","meta":{"footnotes":""},"categories":[48],"tags":[],"aioseo_notices":[],"_links":{"self":[{"href":"https:\/\/rockvell.com\/index.php?rest_route=\/wp\/v2\/posts\/34833"}],"collection":[{"href":"https:\/\/rockvell.com\/index.php?rest_route=\/wp\/v2\/posts"}],"about":[{"href":"https:\/\/rockvell.com\/index.php?rest_route=\/wp\/v2\/types\/post"}],"author":[{"embeddable":true,"href":"https:\/\/rockvell.com\/index.php?rest_route=\/wp\/v2\/users\/2"}],"replies":[{"embeddable":true,"href":"https:\/\/rockvell.com\/index.php?rest_route=%2Fwp%2Fv2%2Fcomments&post=34833"}],"version-history":[{"count":1,"href":"https:\/\/rockvell.com\/index.php?rest_route=\/wp\/v2\/posts\/34833\/revisions"}],"predecessor-version":[{"id":34843,"href":"https:\/\/rockvell.com\/index.php?rest_route=\/wp\/v2\/posts\/34833\/revisions\/34843"}],"wp:featuredmedia":[{"embeddable":true,"href":"https:\/\/rockvell.com\/index.php?rest_route=\/wp\/v2\/media\/34840"}],"wp:attachment":[{"href":"https:\/\/rockvell.com\/index.php?rest_route=%2Fwp%2Fv2%2Fmedia&parent=34833"}],"wp:term":[{"taxonomy":"category","embeddable":true,"href":"https:\/\/rockvell.com\/index.php?rest_route=%2Fwp%2Fv2%2Fcategories&post=34833"},{"taxonomy":"post_tag","embeddable":true,"href":"https:\/\/rockvell.com\/index.php?rest_route=%2Fwp%2Fv2%2Ftags&post=34833"}],"curies":[{"name":"wp","href":"https:\/\/api.w.org\/{rel}","templated":true}]}}