{"id":35083,"date":"2025-04-14T02:00:00","date_gmt":"2025-04-13T23:00:00","guid":{"rendered":"https:\/\/rockvell.com\/?p=35083"},"modified":"2025-04-14T09:25:48","modified_gmt":"2025-04-14T06:25:48","slug":"m%c9%99d%c9%99niyy%c9%99t-naziri-akademik-rus-dram-teatrinin-kollektivi-il%c9%99-gorusub","status":"publish","type":"post","link":"https:\/\/rockvell.com\/?p=35083","title":{"rendered":"M\u0259d\u0259niyy\u0259t naziri Akademik Rus Dram Teatr\u0131n\u0131n kollektivi il\u0259 g\u00f6r\u00fc\u015f\u00fcb"},"content":{"rendered":"\n<p class=\"has-medium-font-size\"><strong>M\u0259d\u0259niyy\u0259t naziri Akademik Rus Dram Teatr\u0131n\u0131n kollektivi il\u0259 g\u00f6r\u00fc\u015f\u00fcb<\/strong><\/p>\n\n\n\n<p>Az\u0259rbaycan Respublikas\u0131n\u0131n m\u0259d\u0259niyy\u0259t naziri Adil K\u0259rimlinin teatr-konsert m\u00fc\u0259ssis\u0259l\u0259rinin kollektivl\u0259ri il\u0259 g\u00f6r\u00fc\u015fl\u0259ri davam edir. G\u00f6r\u00fc\u015fl\u0259rd\u0259 m\u0259d\u0259niyy\u0259t ocaqlar\u0131n\u0131n f\u0259aliyy\u0259ti v\u0259 qar\u015f\u0131da duran v\u0259zif\u0259l\u0259r m\u00fczakir\u0259 olunur.\u00a0<\/p>\n\n\n<div class=\"wp-block-image\">\n<figure class=\"aligncenter size-large is-resized\"><img loading=\"lazy\" decoding=\"async\" width=\"1024\" height=\"683\" src=\"https:\/\/rockvell.com\/wp-content\/uploads\/2025\/04\/mfZMDbKVgj3qm8Lu5yPa1744610246-1024x683.jpg\" alt=\"\" class=\"wp-image-35084\" style=\"width:433px;height:auto\" srcset=\"https:\/\/rockvell.com\/wp-content\/uploads\/2025\/04\/mfZMDbKVgj3qm8Lu5yPa1744610246-1024x683.jpg 1024w, https:\/\/rockvell.com\/wp-content\/uploads\/2025\/04\/mfZMDbKVgj3qm8Lu5yPa1744610246-300x200.jpg 300w, https:\/\/rockvell.com\/wp-content\/uploads\/2025\/04\/mfZMDbKVgj3qm8Lu5yPa1744610246-768x512.jpg 768w, https:\/\/rockvell.com\/wp-content\/uploads\/2025\/04\/mfZMDbKVgj3qm8Lu5yPa1744610246-1536x1024.jpg 1536w, https:\/\/rockvell.com\/wp-content\/uploads\/2025\/04\/mfZMDbKVgj3qm8Lu5yPa1744610246-2048x1365.jpg 2048w, https:\/\/rockvell.com\/wp-content\/uploads\/2025\/04\/mfZMDbKVgj3qm8Lu5yPa1744610246-360x240.jpg 360w\" sizes=\"(max-width: 1024px) 100vw, 1024px\" \/><\/figure><\/div>\n\n\n<p>Nazirin bu q\u0259bild\u0259n n\u00f6vb\u0259ti g\u00f6r\u00fc\u015f\u00fc aprelin 11-d\u0259 Az\u0259rbaycan D\u00f6vl\u0259t Akademik Rus Dram Teatr\u0131nda olub.<br><br>Kollektivi salamlayan Adil K\u0259rimli \u00f6lk\u0259mizd\u0259 m\u0259d\u0259niyy\u0259t sah\u0259sinin inki\u015faf\u0131n\u0131n Prezident \u0130lham \u018fliyev t\u0259r\u0259find\u0259n daim diqq\u0259td\u0259 saxlan\u0131ld\u0131\u011f\u0131n\u0131 deyib. Bildirilib ki, paytaxtda v\u0259 b\u00f6lg\u0259l\u0259rd\u0259 teatrlar\u0131n maddi-texniki t\u0259chizat\u0131 yax\u015f\u0131la\u015fd\u0131r\u0131l\u0131r, yeni binalar tikilir, yaxud \u0259sasl\u0131 t\u0259mir-b\u0259rpa edilir. Bu istiqam\u0259td\u0259 i\u015fl\u0259r bundan sonra da davam etdiril\u0259c\u0259k.<br><br>Akademik Rus Dram Teatr\u0131n\u0131n f\u0259aliyy\u0259tind\u0259n dan\u0131\u015fan nazir qeyd edib ki, bu m\u0259d\u0259niyy\u0259t oca\u011f\u0131 z\u0259ngin ke\u00e7mi\u015fi, \u00f6z\u00fcn\u0259m\u0259xsus s\u0259n\u0259t \u0259n\u0259n\u0259l\u0259ri il\u0259 se\u00e7ilir. Kollektivin yerli v\u0259 \u0259cn\u0259bi m\u00fc\u0259llifl\u0259rin \u0259s\u0259rl\u0259ri \u0259sas\u0131nda haz\u0131rlad\u0131\u011f\u0131 tama\u015falar \u00f6lk\u0259mizd\u0259 v\u0259 xaricd\u0259 maraqla qar\u015f\u0131lan\u0131r.<br><br>Adil K\u0259rimli \u00e7\u0131x\u0131\u015f\u0131nda m\u0259d\u0259niyy\u0259tin m\u00fcxt\u0259lif sah\u0259l\u0259rin\u0259, o c\u00fcml\u0259d\u0259n teatr f\u0259aliyy\u0259tin\u0259 yeni yana\u015fmalar\u0131n z\u0259ruri oldu\u011funu bildirib. Qeyd edilib ki, teatr sah\u0259si \u00fczr\u0259 qanunvericilik bazas\u0131n\u0131n t\u0259kmill\u0259\u015fdirilm\u0259si d\u0259 g\u00fcn\u00fcn t\u0259l\u0259bidir. Yeni m\u0259d\u0259niyy\u0259t strategiyas\u0131nda bu m\u0259s\u0259l\u0259l\u0259r d\u0259 \u0259ksini tapacaq.<br><br>G\u00f6r\u00fc\u015fd\u0259 teatr\u0131n r\u0259hb\u0259rliyi v\u0259 \u0259m\u0259kda\u015flar\u0131 s\u0259n\u0259t oca\u011f\u0131n\u0131n f\u0259aliyy\u0259ti v\u0259 \u00fcmumiyy\u0259tl\u0259, s\u0259hn\u0259 s\u0259n\u0259tinin inki\u015faf istiqam\u0259tl\u0259ri il\u0259 ba\u011fl\u0131 \u00e7\u0131x\u0131\u015flar\u0131 dinl\u0259nilib. G\u0259nc aktyorlar \u00fc\u00e7\u00fcn mentor d\u0259rsl\u0259rinin t\u0259\u015fkili, yarad\u0131c\u0131l\u0131q m\u0259hsulu il\u0259 ba\u011fl\u0131 qiym\u0259tl\u0259ndirm\u0259 meyarlar\u0131 v\u0259 s. m\u0259s\u0259l\u0259l\u0259rl\u0259 ba\u011fl\u0131 t\u0259klifl\u0259r s\u0259sl\u0259ndirilib.<br><br>Sonda teatr\u0131n bir s\u0131ra \u0259m\u0259kda\u015flar\u0131n\u0131n suallar\u0131 cavabland\u0131r\u0131l\u0131b. Nazir kollektiv\u0259 yeni yarad\u0131c\u0131l\u0131q u\u011furlar\u0131 arzulay\u0131b.<\/p>\n","protected":false},"excerpt":{"rendered":"<p>M\u0259d\u0259niyy\u0259t naziri Akademik Rus Dram Teatr\u0131n\u0131n kollektivi il\u0259 g\u00f6r\u00fc\u015f\u00fcb Az\u0259rbaycan Respublikas\u0131n\u0131n m\u0259d\u0259niyy\u0259t naziri Adil K\u0259rimlinin teatr-konsert m\u00fc\u0259ssis\u0259l\u0259rinin kollektivl\u0259ri il\u0259 g\u00f6r\u00fc\u015fl\u0259ri davam edir. G\u00f6r\u00fc\u015fl\u0259rd\u0259 m\u0259d\u0259niyy\u0259t ocaqlar\u0131n\u0131n f\u0259aliyy\u0259ti v\u0259 qar\u015f\u0131da duran v\u0259zif\u0259l\u0259r m\u00fczakir\u0259 olunur.\u00a0 Nazirin bu q\u0259bild\u0259n&#8230;<\/p>\n","protected":false},"author":2,"featured_media":35084,"comment_status":"closed","ping_status":"closed","sticky":false,"template":"","format":"standard","meta":{"footnotes":""},"categories":[48],"tags":[],"aioseo_notices":[],"_links":{"self":[{"href":"https:\/\/rockvell.com\/index.php?rest_route=\/wp\/v2\/posts\/35083"}],"collection":[{"href":"https:\/\/rockvell.com\/index.php?rest_route=\/wp\/v2\/posts"}],"about":[{"href":"https:\/\/rockvell.com\/index.php?rest_route=\/wp\/v2\/types\/post"}],"author":[{"embeddable":true,"href":"https:\/\/rockvell.com\/index.php?rest_route=\/wp\/v2\/users\/2"}],"replies":[{"embeddable":true,"href":"https:\/\/rockvell.com\/index.php?rest_route=%2Fwp%2Fv2%2Fcomments&post=35083"}],"version-history":[{"count":2,"href":"https:\/\/rockvell.com\/index.php?rest_route=\/wp\/v2\/posts\/35083\/revisions"}],"predecessor-version":[{"id":35086,"href":"https:\/\/rockvell.com\/index.php?rest_route=\/wp\/v2\/posts\/35083\/revisions\/35086"}],"wp:featuredmedia":[{"embeddable":true,"href":"https:\/\/rockvell.com\/index.php?rest_route=\/wp\/v2\/media\/35084"}],"wp:attachment":[{"href":"https:\/\/rockvell.com\/index.php?rest_route=%2Fwp%2Fv2%2Fmedia&parent=35083"}],"wp:term":[{"taxonomy":"category","embeddable":true,"href":"https:\/\/rockvell.com\/index.php?rest_route=%2Fwp%2Fv2%2Fcategories&post=35083"},{"taxonomy":"post_tag","embeddable":true,"href":"https:\/\/rockvell.com\/index.php?rest_route=%2Fwp%2Fv2%2Ftags&post=35083"}],"curies":[{"name":"wp","href":"https:\/\/api.w.org\/{rel}","templated":true}]}}