{"id":44196,"date":"2026-01-17T02:00:00","date_gmt":"2026-01-16T23:00:00","guid":{"rendered":"https:\/\/rockvell.com\/?p=44196"},"modified":"2026-01-17T19:09:51","modified_gmt":"2026-01-17T16:09:51","slug":"b%c9%99st%c9%99kar-corce-eneskunun-abid%c9%99si-onund%c9%99-ruminiya-m%c9%99d%c9%99niyy%c9%99t-gunu-qeyd-edilib","status":"publish","type":"post","link":"https:\/\/rockvell.com\/?p=44196","title":{"rendered":"B\u0259st\u0259kar Corce Eneskunun abid\u0259si \u00f6n\u00fcnd\u0259 Rum\u0131niya M\u0259d\u0259niyy\u0259t G\u00fcn\u00fc qeyd edilib"},"content":{"rendered":"\n<p class=\"has-medium-font-size\"><strong>B\u0259st\u0259kar Corce Eneskunun abid\u0259si \u00f6n\u00fcnd\u0259 Rum\u0131niya M\u0259d\u0259niyy\u0259t G\u00fcn\u00fc qeyd edilib<\/strong><\/p>\n\n\n\n<p>Yanvar\u0131n 15-d\u0259 Rum\u0131niyan\u0131n \u00f6lk\u0259mizd\u0259ki s\u0259firi Vasile Soare v\u0259 Moldova s\u0259firi Aleksandru Esaulenko h\u0259r iki d\u00f6vl\u0259td\u0259 qeyd olunan \u201cM\u0259d\u0259niyy\u0259t G\u00fcn\u00fc\u201d m\u00fcnasib\u0259til\u0259 Bin\u0259q\u0259di rayonu \u0259razisind\u0259 ucald\u0131lm\u0131\u015f dahi rum\u0131n b\u0259st\u0259kar\u0131 Corce Eneskunun abid\u0259si \u00f6n\u00fcnd\u0259 Rum\u0131niya M\u0259d\u0259niyy\u0259t G\u00fcn\u00fcn\u00fc qeyd edibl\u0259r.<\/p>\n\n\n<div class=\"wp-block-image\">\n<figure class=\"aligncenter size-full is-resized\"><img loading=\"lazy\" decoding=\"async\" width=\"700\" height=\"466\" src=\"https:\/\/rockvell.com\/wp-content\/uploads\/2026\/01\/ernes-1768640328.jpg\" alt=\"\" class=\"wp-image-44197\" style=\"width:429px;height:auto\" srcset=\"https:\/\/rockvell.com\/wp-content\/uploads\/2026\/01\/ernes-1768640328.jpg 700w, https:\/\/rockvell.com\/wp-content\/uploads\/2026\/01\/ernes-1768640328-300x200.jpg 300w, https:\/\/rockvell.com\/wp-content\/uploads\/2026\/01\/ernes-1768640328-360x240.jpg 360w\" sizes=\"(max-width: 700px) 100vw, 700px\" \/><\/figure><\/div>\n\n\n<p>T\u0259dbird\u0259 Bin\u0259q\u0259di Rayon \u0130cra Hakimiyy\u0259ti ba\u015f\u00e7\u0131s\u0131n\u0131n m\u00fcavini Sevinc S\u00fcleymanova, Milli M\u0259clisin M\u0259d\u0259niyy\u0259t Komit\u0259sinin s\u0259dr m\u00fcavini G\u00fcnay \u018ff\u0259ndiyeva, G\u00fcrc\u00fcstan s\u0259firi Zurab Pataradze, Tacikistan s\u0259firi \u0130lhom Abdurahmon, Q\u0131r\u011f\u0131z\u0131stan s\u0259firi Maksat Mamitxanov, Bak\u0131 D\u00f6vl\u0259t Filarmoniyas\u0131n\u0131n tan\u0131nm\u0131\u015f dirijoru F\u0259xr\u0259ddin K\u0259rimov, AMEA-n\u0131n \u0259m\u0259kda\u015f\u0131, \u015fair v\u0259 t\u0259rc\u00fcm\u0259\u00e7i Jal\u0259 \u0130smay\u0131l, yerli m\u0259d\u0259niyy\u0259t m\u00fchitinin n\u00fcmay\u0259nd\u0259l\u0259ri, rayon sakinl\u0259ri i\u015ftirak edibl\u0259r.B\u0259st\u0259kar\u0131n xatir\u0259sin\u0259 ehtiram \u0259lam\u0259ti olaraq abid\u0259 \u00f6n\u00fcn\u0259 \u0259klil v\u0259 g\u00fcl d\u0259st\u0259l\u0259ri qoyulub.<\/p>\n\n\n\n<p>Bin\u0259q\u0259di Rayon \u0130cra Hakimiyy\u0259ti ba\u015f\u00e7\u0131s\u0131n\u0131n m\u00fcavini Sevinc S\u00fcleymanova iki \u00f6lk\u0259 aras\u0131nda m\u00f6vcud olan s\u0131x \u0259laq\u0259l\u0259rind\u0259n, xalqlar\u0131m\u0131z\u0131n bir-birinin m\u0259d\u0259niyy\u0259tin\u0259 h\u00f6rm\u0259tl\u0259 yana\u015fmalar\u0131ndan s\u00f6hb\u0259t ac\u0131b.<\/p>\n\n\n\n<p>\u00c7\u0131x\u0131\u015f ed\u0259nl\u0259r Rum\u0131niyal\u0131lar\u0131n milli \u015fairi Mihay Emineskunun h\u0259yat v\u0259 yarad\u0131c\u0131l\u0131\u011f\u0131ndan s\u00f6z a\u00e7\u0131blar. Bildirilib ki, Mihay Emineskunun yanvar\u0131n 15-n\u0259 t\u0259sad\u00fcf ed\u0259n do\u011fum g\u00fcn\u00fc h\u0259m Buxarestd\u0259, h\u0259m d\u0259 Ki\u015finyovda Milli M\u0259d\u0259niyy\u0259t G\u00fcn\u00fc olaraq qeyd olunur.<\/p>\n\n\n\n<p>Daha sonra Rum\u0131niyan\u0131n Az\u0259rbaycandak\u0131 s\u0259firi Vasile Soare dahi b\u0259st\u0259kar Corce Eneskunun \u0259s\u0259rl\u0259rini xat\u0131rladaraq, C\u0259nubi Qafqaz b\u00f6lg\u0259si v\u0259 \u015e\u0259rq m\u0259kan\u0131 \u00fc\u00e7\u00fcn unikal olan v\u0259 b\u0259st\u0259kar\u0131n ad\u0131n\u0131 da\u015f\u0131yan 2006-c\u0131 ild\u0259n sakinl\u0259rin istifad\u0259sin\u0259 veril\u0259n bu parka g\u00f6st\u0259ril\u0259n diqq\u0259t v\u0259 qay\u011f\u0131ya g\u00f6r\u0259 \u00f6lk\u0259 r\u0259hb\u0259rin\u0259 t\u0259\u015f\u0259kk\u00fcr\u00fcn\u00fc bildirib.\u0130\u015ftirak\u00e7\u0131lara bildirilib ki, son 4 ild\u0259 h\u0259m 2 cildd\u0259 Eminesku poeziyas\u0131, h\u0259m d\u0259 dig\u0259r Rum\u0131niya \u0259d\u0259bi xadiml\u0259rinin \u0259s\u0259rl\u0259ri Az\u0259rbaycan dilin\u0259 t\u0259rc\u00fcm\u0259 olunub. Bu, \u015fairl\u0259r S\u0259lim Babulao\u011flu v\u0259 Jal\u0259 \u0130smay\u0131l\u0131n s\u0259yl\u0259ri say\u0259sind\u0259 ba\u015f verib. Bildirilib ki, \u015fairin \u0259s\u0259rl\u0259rinin yeni antologiyas\u0131 tezlikl\u0259 Az\u0259rbaycanda n\u0259\u015fr olunacaq.<\/p>\n\n\n\n<p class=\"has-text-align-right\"><strong>G\u00fcnel H\u0259s\u0259nova<\/strong><\/p>\n","protected":false},"excerpt":{"rendered":"<p>B\u0259st\u0259kar Corce Eneskunun abid\u0259si \u00f6n\u00fcnd\u0259 Rum\u0131niya M\u0259d\u0259niyy\u0259t G\u00fcn\u00fc qeyd edilib Yanvar\u0131n 15-d\u0259 Rum\u0131niyan\u0131n \u00f6lk\u0259mizd\u0259ki s\u0259firi Vasile Soare v\u0259 Moldova s\u0259firi Aleksandru Esaulenko h\u0259r iki d\u00f6vl\u0259td\u0259 qeyd olunan \u201cM\u0259d\u0259niyy\u0259t G\u00fcn\u00fc\u201d m\u00fcnasib\u0259til\u0259 Bin\u0259q\u0259di rayonu \u0259razisind\u0259 ucald\u0131lm\u0131\u015f dahi&#8230;<\/p>\n","protected":false},"author":2,"featured_media":44197,"comment_status":"closed","ping_status":"closed","sticky":false,"template":"","format":"standard","meta":{"footnotes":""},"categories":[46],"tags":[],"aioseo_notices":[],"_links":{"self":[{"href":"https:\/\/rockvell.com\/index.php?rest_route=\/wp\/v2\/posts\/44196"}],"collection":[{"href":"https:\/\/rockvell.com\/index.php?rest_route=\/wp\/v2\/posts"}],"about":[{"href":"https:\/\/rockvell.com\/index.php?rest_route=\/wp\/v2\/types\/post"}],"author":[{"embeddable":true,"href":"https:\/\/rockvell.com\/index.php?rest_route=\/wp\/v2\/users\/2"}],"replies":[{"embeddable":true,"href":"https:\/\/rockvell.com\/index.php?rest_route=%2Fwp%2Fv2%2Fcomments&post=44196"}],"version-history":[{"count":1,"href":"https:\/\/rockvell.com\/index.php?rest_route=\/wp\/v2\/posts\/44196\/revisions"}],"predecessor-version":[{"id":44198,"href":"https:\/\/rockvell.com\/index.php?rest_route=\/wp\/v2\/posts\/44196\/revisions\/44198"}],"wp:featuredmedia":[{"embeddable":true,"href":"https:\/\/rockvell.com\/index.php?rest_route=\/wp\/v2\/media\/44197"}],"wp:attachment":[{"href":"https:\/\/rockvell.com\/index.php?rest_route=%2Fwp%2Fv2%2Fmedia&parent=44196"}],"wp:term":[{"taxonomy":"category","embeddable":true,"href":"https:\/\/rockvell.com\/index.php?rest_route=%2Fwp%2Fv2%2Fcategories&post=44196"},{"taxonomy":"post_tag","embeddable":true,"href":"https:\/\/rockvell.com\/index.php?rest_route=%2Fwp%2Fv2%2Ftags&post=44196"}],"curies":[{"name":"wp","href":"https:\/\/api.w.org\/{rel}","templated":true}]}}