{"id":44199,"date":"2026-01-16T02:00:00","date_gmt":"2026-01-15T23:00:00","guid":{"rendered":"https:\/\/rockvell.com\/?p=44199"},"modified":"2026-01-17T19:24:48","modified_gmt":"2026-01-17T16:24:48","slug":"xalq-artisti-tunzal%c9%99-agayeva-leopard-t%c9%99rzi-il%c9%99-goz-oxsadi","status":"publish","type":"post","link":"https:\/\/rockvell.com\/?p=44199","title":{"rendered":"Xalq artisti T\u00fcnzal\u0259 A\u011fayeva leopard t\u0259rzi il\u0259 g\u00f6z ox\u015fad\u0131"},"content":{"rendered":"\n<p class=\"has-medium-font-size\"><strong>Xalq artisti T\u00fcnzal\u0259 A\u011fayeva leopard t\u0259rzi il\u0259 g\u00f6z ox\u015fad\u0131<\/strong><\/p>\n\n\n\n<p>X\u0259b\u0259r verdiyimiz kimi, Xalq artisti T\u00fcnzal\u0259 A\u011fayeva yarad\u0131c\u0131l\u0131\u011f\u0131n\u0131n 25 illiyi m\u00fcnasib\u0259ti il\u0259 bir s\u0131ra layih\u0259l\u0259r\u0259 imza at\u0131r.<\/p>\n\n\n\n<p>Rockvell bildirir ki, pop ulduz bununla ba\u011fl\u0131 \u201cThe M.O.S.T\u201d jurnal\u0131 \u00fc\u00e7\u00fcn fotosessiya etdirib. Fotoqraf Anfisa Bessonovan\u0131n m\u00fc\u0259llifi oldu\u011fu fotolar m\u00fcxt\u0259lif m\u00f6vzular\u0131 \u0259hat\u0259 edir.<\/p>\n\n\n<div class=\"wp-block-image\">\n<figure class=\"aligncenter size-large is-resized\"><img loading=\"lazy\" decoding=\"async\" width=\"1024\" height=\"683\" src=\"https:\/\/rockvell.com\/wp-content\/uploads\/2026\/01\/IMG_3151-1024x683.jpg\" alt=\"\" class=\"wp-image-44200\" style=\"width:441px;height:auto\" srcset=\"https:\/\/rockvell.com\/wp-content\/uploads\/2026\/01\/IMG_3151-1024x683.jpg 1024w, https:\/\/rockvell.com\/wp-content\/uploads\/2026\/01\/IMG_3151-300x200.jpg 300w, https:\/\/rockvell.com\/wp-content\/uploads\/2026\/01\/IMG_3151-768x512.jpg 768w, https:\/\/rockvell.com\/wp-content\/uploads\/2026\/01\/IMG_3151-1536x1024.jpg 1536w, https:\/\/rockvell.com\/wp-content\/uploads\/2026\/01\/IMG_3151-2048x1366.jpg 2048w, https:\/\/rockvell.com\/wp-content\/uploads\/2026\/01\/IMG_3151-360x240.jpg 360w\" sizes=\"(max-width: 1024px) 100vw, 1024px\" \/><\/figure><\/div>\n\n\n<p>S\u0259n\u0259t\u00e7i bu d\u0259f\u0259 leopard t\u0259rzi il\u0259 kameralar \u00f6n\u00fcn\u0259 ke\u00e7ib. Tan\u0131nm\u0131\u015f dizayner Orxan Sultan fotosessiya \u00fc\u00e7\u00fcn x\u00fcsusi geyim haz\u0131rlay\u0131b. O, d\u00fcnyaca m\u0259\u015fhur \u201c\u0130v Sen-Loran\u201d markas\u0131na m\u00fcraci\u0259t edib. \u0130nc\u0259 ip\u0259k par\u00e7adan, g\u00f6zox\u015fayan detallar\u0131 il\u0259 z\u0259ngin olan geyim maraqla qar\u015f\u0131lan\u0131l\u0131b.<\/p>\n\n\n\n<figure class=\"wp-block-embed is-type-video is-provider-youtube wp-block-embed-youtube wp-embed-aspect-9-16 wp-has-aspect-ratio\"><div class=\"wp-block-embed__wrapper\">\n<div class=\"embed-container\"><iframe loading=\"lazy\" title=\"#backstage\" width=\"563\" height=\"1000\" src=\"https:\/\/www.youtube.com\/embed\/2DOe2oo_P-4?feature=oembed\" frameborder=\"0\" allow=\"accelerometer; autoplay; clipboard-write; encrypted-media; gyroscope; picture-in-picture; web-share\" referrerpolicy=\"strict-origin-when-cross-origin\" allowfullscreen><\/iframe><\/div>\n<\/div><\/figure>\n\n\n\n<p>Xalq artisti yeni g\u00f6r\u00fcnt\u00fcl\u0259rini \u015f\u0259xsi \u201c\u0130nstagram\u201d hesab\u0131nda payla\u015f\u0131b.<\/p>\n","protected":false},"excerpt":{"rendered":"<p>Xalq artisti T\u00fcnzal\u0259 A\u011fayeva leopard t\u0259rzi il\u0259 g\u00f6z ox\u015fad\u0131 X\u0259b\u0259r verdiyimiz kimi, Xalq artisti T\u00fcnzal\u0259 A\u011fayeva yarad\u0131c\u0131l\u0131\u011f\u0131n\u0131n 25 illiyi m\u00fcnasib\u0259ti il\u0259 bir s\u0131ra layih\u0259l\u0259r\u0259 imza at\u0131r. Rockvell bildirir ki, pop ulduz bununla ba\u011fl\u0131 \u201cThe M.O.S.T\u201d&#8230;<\/p>\n","protected":false},"author":2,"featured_media":44200,"comment_status":"closed","ping_status":"closed","sticky":false,"template":"","format":"standard","meta":{"footnotes":""},"categories":[46],"tags":[],"aioseo_notices":[],"_links":{"self":[{"href":"https:\/\/rockvell.com\/index.php?rest_route=\/wp\/v2\/posts\/44199"}],"collection":[{"href":"https:\/\/rockvell.com\/index.php?rest_route=\/wp\/v2\/posts"}],"about":[{"href":"https:\/\/rockvell.com\/index.php?rest_route=\/wp\/v2\/types\/post"}],"author":[{"embeddable":true,"href":"https:\/\/rockvell.com\/index.php?rest_route=\/wp\/v2\/users\/2"}],"replies":[{"embeddable":true,"href":"https:\/\/rockvell.com\/index.php?rest_route=%2Fwp%2Fv2%2Fcomments&post=44199"}],"version-history":[{"count":1,"href":"https:\/\/rockvell.com\/index.php?rest_route=\/wp\/v2\/posts\/44199\/revisions"}],"predecessor-version":[{"id":44201,"href":"https:\/\/rockvell.com\/index.php?rest_route=\/wp\/v2\/posts\/44199\/revisions\/44201"}],"wp:featuredmedia":[{"embeddable":true,"href":"https:\/\/rockvell.com\/index.php?rest_route=\/wp\/v2\/media\/44200"}],"wp:attachment":[{"href":"https:\/\/rockvell.com\/index.php?rest_route=%2Fwp%2Fv2%2Fmedia&parent=44199"}],"wp:term":[{"taxonomy":"category","embeddable":true,"href":"https:\/\/rockvell.com\/index.php?rest_route=%2Fwp%2Fv2%2Fcategories&post=44199"},{"taxonomy":"post_tag","embeddable":true,"href":"https:\/\/rockvell.com\/index.php?rest_route=%2Fwp%2Fv2%2Ftags&post=44199"}],"curies":[{"name":"wp","href":"https:\/\/api.w.org\/{rel}","templated":true}]}}