{"id":45296,"date":"2026-03-05T03:00:00","date_gmt":"2026-03-05T00:00:00","guid":{"rendered":"https:\/\/rockvell.com\/?p=45296"},"modified":"2026-03-05T20:03:03","modified_gmt":"2026-03-05T17:03:03","slug":"azintelecom-r%c9%99q%c9%99msal-h%c9%99ll%c9%99ri-il%c9%99-iki-forumda-t%c9%99msil-olundu","status":"publish","type":"post","link":"https:\/\/rockvell.com\/?p=45296","title":{"rendered":"AzInTelecom r\u0259q\u0259msal h\u0259ll\u0259ri il\u0259 iki forumda t\u0259msil olundu"},"content":{"rendered":"\n<p class=\"has-medium-font-size\"><strong>AzInTelecom r\u0259q\u0259msal h\u0259ll\u0259ri il\u0259 iki forumda t\u0259msil olundu<\/strong><\/p>\n\n\n\n<p>AZCON Holding \u015firk\u0259tl\u0259rind\u0259n olan &#8220;AzInTelecom&#8221; MMC biznesl\u0259rin r\u0259q\u0259msalla\u015fd\u0131r\u0131lmas\u0131 il\u0259 ba\u011fl\u0131 iki t\u0259dbird\u0259 \u2013 &#8220;Comelson \u0130nnovasiya Forumu&#8221; v\u0259 &#8220;M\u00fchasib \u0130nki\u015faf Forumu&#8221;nda i\u015ftirak edib.<\/p>\n\n\n<div class=\"wp-block-image\">\n<figure class=\"aligncenter size-large is-resized\"><img loading=\"lazy\" decoding=\"async\" width=\"1024\" height=\"683\" src=\"https:\/\/rockvell.com\/wp-content\/uploads\/2026\/03\/ESAS-FOTO-1024x683.png\" alt=\"\" class=\"wp-image-45297\" style=\"width:421px;height:auto\" srcset=\"https:\/\/rockvell.com\/wp-content\/uploads\/2026\/03\/ESAS-FOTO-1024x683.png 1024w, https:\/\/rockvell.com\/wp-content\/uploads\/2026\/03\/ESAS-FOTO-300x200.png 300w, https:\/\/rockvell.com\/wp-content\/uploads\/2026\/03\/ESAS-FOTO-768x512.png 768w, https:\/\/rockvell.com\/wp-content\/uploads\/2026\/03\/ESAS-FOTO-360x240.png 360w, https:\/\/rockvell.com\/wp-content\/uploads\/2026\/03\/ESAS-FOTO.png 1500w\" sizes=\"(max-width: 1024px) 100vw, 1024px\" \/><\/figure><\/div>\n\n\n<p>28 fevral tarixind\u0259 ke\u00e7iril\u0259n \u201cComelson \u0130nnovasiya Forumu\u201dnda &#8220;AzInTelecom&#8221;un Marketinq \u015f\u00f6b\u0259sinin m\u00fcdiri Murad \u018fhm\u0259dov S\u0130MA R\u0259q\u0259msal H\u0259ll\u0259r Platformas\u0131n\u0131n imkanlar\u0131 bar\u0259d\u0259 dan\u0131\u015f\u0131b. Forum boyu f\u0259aliyy\u0259t g\u00f6st\u0259r\u0259n x\u00fcsusi stendd\u0259 is\u0259 i\u015ftirak\u00e7\u0131lar \u015firk\u0259tin \u0259n son r\u0259q\u0259msal m\u0259hsullar\u0131 il\u0259 yax\u0131ndan tan\u0131\u015f olub v\u0259 \u0259m\u0259kda\u015fl\u0131q imkanlar\u0131 m\u00fczakir\u0259 edilib.<\/p>\n\n\n<div class=\"wp-block-image\">\n<figure class=\"aligncenter size-full is-resized\"><img loading=\"lazy\" decoding=\"async\" width=\"1000\" height=\"666\" src=\"https:\/\/rockvell.com\/wp-content\/uploads\/2026\/03\/vm20.jpg\" alt=\"\" class=\"wp-image-45298\" style=\"width:421px;height:auto\" srcset=\"https:\/\/rockvell.com\/wp-content\/uploads\/2026\/03\/vm20.jpg 1000w, https:\/\/rockvell.com\/wp-content\/uploads\/2026\/03\/vm20-300x200.jpg 300w, https:\/\/rockvell.com\/wp-content\/uploads\/2026\/03\/vm20-768x511.jpg 768w, https:\/\/rockvell.com\/wp-content\/uploads\/2026\/03\/vm20-360x240.jpg 360w\" sizes=\"(max-width: 1000px) 100vw, 1000px\" \/><\/figure><\/div>\n\n\n<p>1 mart tarixind\u0259 &#8220;VM Group Academy&#8221; il\u0259 birg\u0259 t\u0259\u015fkil olunan \u201cM\u00fchasib \u0130nki\u015faf Forumu\u201dnda AzInTelecom-un M\u0259hsul v\u0259 xidm\u0259tl\u0259r \u015f\u00f6b\u0259sinin r\u0259hb\u0259ri Tamerlan M\u0259\u015f\u0259dih\u0259s\u0259nli \u00e7\u0131x\u0131\u015f ed\u0259r\u0259k r\u0259q\u0259msalla\u015fman\u0131n biznes prosesl\u0259rin\u0259 verdiyi t\u00f6hf\u0259l\u0259ri qeyd edib. Forumun spikeri Murad \u018fhm\u0259dov &#8220;S\u0130MA \u0130mza&#8221;n\u0131n biznes h\u0259ll\u0259ri m\u00f6vzusunda \u00e7\u0131x\u0131\u015f ed\u0259r\u0259k platforman\u0131n m\u00fchasibl\u0259r \u00fc\u00e7\u00fcn yaratd\u0131\u011f\u0131 \u00fcst\u00fcnl\u00fckl\u0259r bar\u0259d\u0259 dan\u0131\u015f\u0131b. Forumda 200-d\u0259n \u00e7ox m\u00fchasib i\u015ftirak edib v\u0259 interaktiv sessiyada i\u015ftirak\u00e7\u0131lar t\u0259r\u0259find\u0259n g\u0259l\u0259n suallar \u0259trafl\u0131 cavabland\u0131r\u0131l\u0131b. Sonda ke\u00e7iril\u0259n lotereyada se\u00e7il\u0259n 5 \u015fansl\u0131 qalib\u0259 x\u00fcsusi h\u0259diyy\u0259l\u0259r t\u0259qdim olunub.<\/p>\n\n\n\n<p>H\u0259r iki t\u0259dbir &#8220;AzInTelecom&#8221; \u00fc\u00e7\u00fcn biznes icmalar\u0131 il\u0259 birba\u015fa t\u0259mas qurmaq, innovativ yana\u015fmalar\u0131 payla\u015fmaq v\u0259 r\u0259q\u0259msal imza ekosistemini geni\u015fl\u0259ndirm\u0259k bax\u0131m\u0131ndan u\u011furlu platforma rolunu oynay\u0131b.<\/p>\n\n\n\n<figure class=\"wp-block-embed is-type-video is-provider-youtube wp-block-embed-youtube wp-embed-aspect-16-9 wp-has-aspect-ratio\"><div class=\"wp-block-embed__wrapper\">\n<div class=\"embed-container\"><iframe loading=\"lazy\" title=\"M\u00fchasib \u0130nki\u015faf Formu I S\u0130MA \u0130mza\" width=\"1140\" height=\"641\" src=\"https:\/\/www.youtube.com\/embed\/Rm5HxgYx6Wc?feature=oembed\" frameborder=\"0\" allow=\"accelerometer; autoplay; clipboard-write; encrypted-media; gyroscope; picture-in-picture; web-share\" referrerpolicy=\"strict-origin-when-cross-origin\" allowfullscreen><\/iframe><\/div>\n<\/div><\/figure>\n","protected":false},"excerpt":{"rendered":"<p>AzInTelecom r\u0259q\u0259msal h\u0259ll\u0259ri il\u0259 iki forumda t\u0259msil olundu AZCON Holding \u015firk\u0259tl\u0259rind\u0259n olan &#8220;AzInTelecom&#8221; MMC biznesl\u0259rin r\u0259q\u0259msalla\u015fd\u0131r\u0131lmas\u0131 il\u0259 ba\u011fl\u0131 iki t\u0259dbird\u0259 \u2013 &#8220;Comelson \u0130nnovasiya Forumu&#8221; v\u0259 &#8220;M\u00fchasib \u0130nki\u015faf Forumu&#8221;nda i\u015ftirak edib. 28 fevral tarixind\u0259 ke\u00e7iril\u0259n \u201cComelson&#8230;<\/p>\n","protected":false},"author":2,"featured_media":45297,"comment_status":"closed","ping_status":"closed","sticky":false,"template":"","format":"standard","meta":{"footnotes":""},"categories":[10],"tags":[],"aioseo_notices":[],"_links":{"self":[{"href":"https:\/\/rockvell.com\/index.php?rest_route=\/wp\/v2\/posts\/45296"}],"collection":[{"href":"https:\/\/rockvell.com\/index.php?rest_route=\/wp\/v2\/posts"}],"about":[{"href":"https:\/\/rockvell.com\/index.php?rest_route=\/wp\/v2\/types\/post"}],"author":[{"embeddable":true,"href":"https:\/\/rockvell.com\/index.php?rest_route=\/wp\/v2\/users\/2"}],"replies":[{"embeddable":true,"href":"https:\/\/rockvell.com\/index.php?rest_route=%2Fwp%2Fv2%2Fcomments&post=45296"}],"version-history":[{"count":1,"href":"https:\/\/rockvell.com\/index.php?rest_route=\/wp\/v2\/posts\/45296\/revisions"}],"predecessor-version":[{"id":45299,"href":"https:\/\/rockvell.com\/index.php?rest_route=\/wp\/v2\/posts\/45296\/revisions\/45299"}],"wp:featuredmedia":[{"embeddable":true,"href":"https:\/\/rockvell.com\/index.php?rest_route=\/wp\/v2\/media\/45297"}],"wp:attachment":[{"href":"https:\/\/rockvell.com\/index.php?rest_route=%2Fwp%2Fv2%2Fmedia&parent=45296"}],"wp:term":[{"taxonomy":"category","embeddable":true,"href":"https:\/\/rockvell.com\/index.php?rest_route=%2Fwp%2Fv2%2Fcategories&post=45296"},{"taxonomy":"post_tag","embeddable":true,"href":"https:\/\/rockvell.com\/index.php?rest_route=%2Fwp%2Fv2%2Ftags&post=45296"}],"curies":[{"name":"wp","href":"https:\/\/api.w.org\/{rel}","templated":true}]}}