{"id":45300,"date":"2026-03-05T05:00:00","date_gmt":"2026-03-05T02:00:00","guid":{"rendered":"https:\/\/rockvell.com\/?p=45300"},"modified":"2026-03-05T20:06:21","modified_gmt":"2026-03-05T17:06:21","slug":"azercell-in-d%c9%99st%c9%99yi-il%c9%99-beyl%c9%99qanda-qizlar-ucun-stem-d%c9%99rsl%c9%99rin%c9%99-start-verilir","status":"publish","type":"post","link":"https:\/\/rockvell.com\/?p=45300","title":{"rendered":"Azercell-in d\u0259st\u0259yi il\u0259 Beyl\u0259qanda q\u0131zlar \u00fc\u00e7\u00fcn STEM d\u0259rsl\u0259rin\u0259 start verilir"},"content":{"rendered":"\n<p class=\"has-medium-font-size\"><strong>Azercell-in d\u0259st\u0259yi il\u0259 Beyl\u0259qanda q\u0131zlar \u00fc\u00e7\u00fcn STEM d\u0259rsl\u0259rin\u0259 start verilir<\/strong><\/p>\n\n\n\n<p>Lider mobil operatorun qad\u0131nlar\u0131n sosial v\u0259 iqtisadi imkanlar\u0131n\u0131n geni\u015fl\u0259ndirilm\u0259sin\u0259 d\u0259st\u0259k m\u0259qs\u0259dil\u0259 h\u0259yata ke\u00e7irdiyi sosial layih\u0259 m\u00fcsabiq\u0259sinin qalibl\u0259rind\u0259n biri olan \u201cMil\u201d Sosial v\u0259 \u0130qtisadi Sah\u0259l\u0259rd\u0259 Maarifl\u0259ndirm\u0259 \u0130ctimai Birliyi \u201cRobogirls\u201d layih\u0259sinin icras\u0131na ba\u015flay\u0131b. \u015eirk\u0259tin d\u0259st\u0259yi il\u0259 Beyl\u0259qan rayonunun k\u0259nd v\u0259 q\u0259s\u0259b\u0259l\u0259rind\u0259 t\u0259hsil alan q\u0131zlar \u00fc\u00e7\u00fcn STEM t\u0259liml\u0259rin\u0259 start verilir.<\/p>\n\n\n\n<p>T\u0259\u015f\u0259bb\u00fcs 6-7-ci sinif \u015fagirdl\u0259rinin texnologiya v\u0259 innovasiya sah\u0259l\u0259rin\u0259 mara\u011f\u0131n\u0131n art\u0131r\u0131lmas\u0131na, onlar\u0131n r\u0259q\u0259msal bacar\u0131qlar\u0131n\u0131n inki\u015faf etdirilm\u0259sin\u0259 v\u0259 g\u0259l\u0259c\u0259k karyera perspektivl\u0259rinin formala\u015fmas\u0131na d\u0259st\u0259k g\u00f6st\u0259rilm\u0259sin\u0259 y\u00f6n\u0259lib.<\/p>\n\n\n<div class=\"wp-block-image\">\n<figure class=\"aligncenter size-full is-resized\"><img loading=\"lazy\" decoding=\"async\" width=\"600\" height=\"400\" src=\"https:\/\/rockvell.com\/wp-content\/uploads\/2025\/11\/azercell-loqo.jpeg\" alt=\"\" class=\"wp-image-42387\" style=\"width:460px;height:auto\" srcset=\"https:\/\/rockvell.com\/wp-content\/uploads\/2025\/11\/azercell-loqo.jpeg 600w, https:\/\/rockvell.com\/wp-content\/uploads\/2025\/11\/azercell-loqo-300x200.jpeg 300w, https:\/\/rockvell.com\/wp-content\/uploads\/2025\/11\/azercell-loqo-360x240.jpeg 360w\" sizes=\"(max-width: 600px) 100vw, 600px\" \/><\/figure><\/div>\n\n\n<p>Proqrama \u00fcmumilikd\u0259 90 m\u0259kt\u0259bli q\u0131z m\u00fcraci\u0259t edib. Se\u00e7im m\u0259rh\u0259l\u0259sind\u0259 i\u015ftirak\u00e7\u0131lar informatika v\u0259 s\u00fcni intellekt m\u00f6vzular\u0131n\u0131 \u0259hat\u0259 ed\u0259n test imtahan\u0131nda bilikl\u0259rini n\u00fcmayi\u015f etdiribl\u0259r. M\u00fc\u0259lliml\u0259r v\u0259 m\u00fcst\u0259qil ekspertl\u0259r t\u0259r\u0259find\u0259n apar\u0131lan qiym\u0259tl\u0259ndirm\u0259y\u0259 \u0259sas\u0259n, \u0259n y\u00fcks\u0259k n\u0259tic\u0259 g\u00f6st\u0259r\u0259n 30 m\u0259kt\u0259bli q\u0131z t\u0259liml\u0259rd\u0259 i\u015ftirak etm\u0259k imkan\u0131 qazan\u0131b.<\/p>\n\n\n\n<p>T\u0259lim proqram\u0131 \u00e7\u0259r\u00e7iv\u0259sind\u0259 i\u015ftirak\u00e7\u0131lar robototexnika v\u0259 STEM istiqam\u0259tl\u0259ri \u00fczr\u0259 h\u0259m n\u0259z\u0259ri bilikl\u0259r, h\u0259m d\u0259 praktiki bacar\u0131qlar \u0259ld\u0259 ed\u0259c\u0259kl\u0259r. D\u0259rsl\u0259r \u015fagirdl\u0259rin texnologiya sah\u0259si \u00fczr\u0259 bilikl\u0259rinin t\u0259\u015fviqini, analitik v\u0259 yarad\u0131c\u0131 d\u00fc\u015f\u00fcnm\u0259, el\u0259c\u0259 d\u0259 problem h\u0259ll etm\u0259 bacar\u0131qlar\u0131n\u0131n inki\u015faf\u0131n\u0131 h\u0259d\u0259fl\u0259yir.<\/p>\n\n\n\n<p>Qeyd ed\u0259k ki, art\u0131q \u00fc\u00e7\u00fcnc\u00fc ildir ki, Azercell-in sosial layih\u0259 m\u00fcsabiq\u0259si qad\u0131nlar\u0131n ictimai h\u0259yatda rolunun g\u00fccl\u0259ndirilm\u0259sin\u0259 y\u00f6n\u0259lmi\u015f t\u0259\u015f\u0259bb\u00fcsl\u0259ri d\u0259st\u0259kl\u0259m\u0259kl\u0259 inkl\u00fcziv c\u0259miyy\u0259tin qurulmas\u0131na t\u00f6hf\u0259 verir.&nbsp;<\/p>\n","protected":false},"excerpt":{"rendered":"<p>Azercell-in d\u0259st\u0259yi il\u0259 Beyl\u0259qanda q\u0131zlar \u00fc\u00e7\u00fcn STEM d\u0259rsl\u0259rin\u0259 start verilir Lider mobil operatorun qad\u0131nlar\u0131n sosial v\u0259 iqtisadi imkanlar\u0131n\u0131n geni\u015fl\u0259ndirilm\u0259sin\u0259 d\u0259st\u0259k m\u0259qs\u0259dil\u0259 h\u0259yata ke\u00e7irdiyi sosial layih\u0259 m\u00fcsabiq\u0259sinin qalibl\u0259rind\u0259n biri olan \u201cMil\u201d Sosial v\u0259 \u0130qtisadi Sah\u0259l\u0259rd\u0259 Maarifl\u0259ndirm\u0259&#8230;<\/p>\n","protected":false},"author":2,"featured_media":42387,"comment_status":"closed","ping_status":"closed","sticky":false,"template":"","format":"standard","meta":{"footnotes":""},"categories":[10],"tags":[],"aioseo_notices":[],"_links":{"self":[{"href":"https:\/\/rockvell.com\/index.php?rest_route=\/wp\/v2\/posts\/45300"}],"collection":[{"href":"https:\/\/rockvell.com\/index.php?rest_route=\/wp\/v2\/posts"}],"about":[{"href":"https:\/\/rockvell.com\/index.php?rest_route=\/wp\/v2\/types\/post"}],"author":[{"embeddable":true,"href":"https:\/\/rockvell.com\/index.php?rest_route=\/wp\/v2\/users\/2"}],"replies":[{"embeddable":true,"href":"https:\/\/rockvell.com\/index.php?rest_route=%2Fwp%2Fv2%2Fcomments&post=45300"}],"version-history":[{"count":1,"href":"https:\/\/rockvell.com\/index.php?rest_route=\/wp\/v2\/posts\/45300\/revisions"}],"predecessor-version":[{"id":45301,"href":"https:\/\/rockvell.com\/index.php?rest_route=\/wp\/v2\/posts\/45300\/revisions\/45301"}],"wp:featuredmedia":[{"embeddable":true,"href":"https:\/\/rockvell.com\/index.php?rest_route=\/wp\/v2\/media\/42387"}],"wp:attachment":[{"href":"https:\/\/rockvell.com\/index.php?rest_route=%2Fwp%2Fv2%2Fmedia&parent=45300"}],"wp:term":[{"taxonomy":"category","embeddable":true,"href":"https:\/\/rockvell.com\/index.php?rest_route=%2Fwp%2Fv2%2Fcategories&post=45300"},{"taxonomy":"post_tag","embeddable":true,"href":"https:\/\/rockvell.com\/index.php?rest_route=%2Fwp%2Fv2%2Ftags&post=45300"}],"curies":[{"name":"wp","href":"https:\/\/api.w.org\/{rel}","templated":true}]}}