{"id":45320,"date":"2026-03-06T02:00:00","date_gmt":"2026-03-05T23:00:00","guid":{"rendered":"https:\/\/rockvell.com\/?p=45320"},"modified":"2026-03-06T17:41:03","modified_gmt":"2026-03-06T14:41:03","slug":"kapital-bank-qeyri-neft-sektoru-uzr%c9%99-vergi-rekordcusu-unvanini-qoruyur","status":"publish","type":"post","link":"https:\/\/rockvell.com\/?p=45320","title":{"rendered":"Kapital Bank qeyri-neft sektoru \u00fczr\u0259 vergi rekord\u00e7usu \u00fcnvan\u0131n\u0131 qoruyur"},"content":{"rendered":"\n<p class=\"has-medium-font-size\"><strong>Kapital Bank qeyri-neft sektoru \u00fczr\u0259 vergi rekord\u00e7usu \u00fcnvan\u0131n\u0131 qoruyur<\/strong><\/p>\n\n\n\n<p>\u0130qtisadiyyat Nazirliyind\u0259&nbsp;\u201cVergi sistemind\u0259 g\u0259l\u0259c\u0259y\u0259 bax\u0131\u015f: Yeni idar\u0259etm\u0259 modeli v\u0259 data \u0259sasl\u0131 q\u0259rarlar\u201d adl\u0131 forum ke\u00e7irilib. R\u0259q\u0259msalla\u015fma il\u0259 yana\u015f\u0131, a\u011f\u0131ll\u0131 q\u0259rar q\u0259buletm\u0259 mexanizmini t\u0259min ed\u0259n, m\u0259lumatlara s\u00f6yk\u0259n\u0259n v\u0259 davaml\u0131 t\u0259r\u0259qqini stimulla\u015fd\u0131ran r\u0259q\u0259msal ekosistemin qurulmas\u0131 istiqam\u0259tind\u0259 h\u0259yata ke\u00e7iril\u0259c\u0259k layih\u0259l\u0259rin m\u00fczakir\u0259 olundu\u011fu forumda vergi rekord\u00e7ular\u0131 da elan olunub. N\u0259tic\u0259d\u0259 \u00f6lk\u0259nin birinci bank\u0131 Kapital Bank D\u00f6vl\u0259t Vergi Xidm\u0259ti t\u0259r\u0259find\u0259n n\u00f6vb\u0259ti d\u0259f\u0259 \u201cQeyri-neft sektoru \u00fczr\u0259 vergi rekord\u00e7usu\u201d elan olunub. Bu nailiyy\u0259t bank\u0131n regionda maliyy\u0259 \u015f\u0259ffafl\u0131\u011f\u0131, hesabatl\u0131l\u0131q v\u0259 dayan\u0131ql\u0131 iqtisadi inki\u015faf\u0131n \u0259sas simalar\u0131ndan biri kimi m\u00f6vqeyini daha da g\u00fccl\u0259ndirib.<\/p>\n\n\n<div class=\"wp-block-image\">\n<figure class=\"aligncenter size-large is-resized\"><img loading=\"lazy\" decoding=\"async\" width=\"1024\" height=\"683\" src=\"https:\/\/rockvell.com\/wp-content\/uploads\/2026\/03\/KB-sertifikat-1200x800-1-1024x683.jpg\" alt=\"\" class=\"wp-image-45321\" style=\"width:454px;height:auto\" srcset=\"https:\/\/rockvell.com\/wp-content\/uploads\/2026\/03\/KB-sertifikat-1200x800-1-1024x683.jpg 1024w, https:\/\/rockvell.com\/wp-content\/uploads\/2026\/03\/KB-sertifikat-1200x800-1-300x200.jpg 300w, https:\/\/rockvell.com\/wp-content\/uploads\/2026\/03\/KB-sertifikat-1200x800-1-768x512.jpg 768w, https:\/\/rockvell.com\/wp-content\/uploads\/2026\/03\/KB-sertifikat-1200x800-1-360x240.jpg 360w, https:\/\/rockvell.com\/wp-content\/uploads\/2026\/03\/KB-sertifikat-1200x800-1.jpg 1200w\" sizes=\"(max-width: 1024px) 100vw, 1024px\" \/><\/figure><\/div>\n\n\n<p>Qeyd ed\u0259k ki, bu m\u00fckafat Az\u0259rbaycan\u0131n \u015f\u0259ffaf v\u0259 data-\u0259sasl\u0131 r\u0259q\u0259msal iqtisadiyyata do\u011fru strateji ke\u00e7idi il\u0259 tam \u00fcst-\u00fcst\u0259 d\u00fc\u015f\u00fcr. D\u00f6vl\u0259t Vergi Xidm\u0259tinin s\u00fcni intellekt\u0259 v\u0259 proaktiv analitikaya \u0259saslanan idar\u0259etm\u0259 modelin\u0259 ke\u00e7id vizyonu, bank\u0131n maliyy\u0259 xidm\u0259tl\u0259rin\u0259 innovativ v\u0259 texnologiya y\u00f6n\u00fcml\u00fc yana\u015fmas\u0131n\u0131 tamamlay\u0131r.<\/p>\n\n\n\n<p>Bir ekosisteminin v\u0259 Kapital Bank-\u0131n Ba\u015f \u0130cra\u00e7\u0131 Direktoru F\u0259rid H\u00fcseynov bank\u0131n ikinci d\u0259f\u0259 bu m\u00fckafata layiq g\u00f6r\u00fclm\u0259sini \u015f\u0259ffafl\u0131q v\u0259 korporativ m\u0259suliyy\u0259t prinsipl\u0259rinin \u0259n g\u00fccl\u00fc g\u00f6st\u0259ricisi adland\u0131r\u0131b. \u201cAz\u0259rbaycan r\u0259q\u0259msal v\u0259 data-\u0259sasl\u0131 iqtisadiyyata ke\u00e7idin s\u00fcr\u0259tl\u0259ndiyi bir d\u00f6vrd\u0259 Kapital Bank olaraq bu transformasiyan\u0131n \u00f6n s\u0131ralar\u0131nda olmaqdan q\u00fcrur duyuruq\u201d.<\/p>\n\n\n\n<p>Qeyd ed\u0259k ki, \u00f6lk\u0259nin apar\u0131c\u0131 maliyy\u0259 institutlar\u0131ndan biri olan Kapital Bank uzun ill\u0259rdir qeyri-neft sektorunun inki\u015faf\u0131na d\u0259st\u0259k verir v\u0259 sahibkarlar\u0131n maliyy\u0259 resurslar\u0131na \u00e7\u0131x\u0131\u015f\u0131n\u0131 asanla\u015fd\u0131ran layih\u0259l\u0259r h\u0259yata ke\u00e7irir.<\/p>\n\n\n\n<p>\u00d6lk\u0259nin birinci bank\u0131 Kapital Bank PA\u015eA Holding-\u0259 daxildir v\u0259 Az\u0259rbaycanda \u0259n b\u00f6y\u00fck filial \u015f\u0259b\u0259k\u0259si, 115 filial\u0131 v\u0259 53 \u015f\u00f6b\u0259si il\u0259 m\u00fc\u015ft\u0259ril\u0259rin xidm\u0259tind\u0259dir. Bank\u0131n m\u0259hsul v\u0259 xidm\u0259tl\u0259ri bar\u0259d\u0259 daha \u0259trafl\u0131 m\u0259lumat almaq \u00fc\u00e7\u00fcn<a href=\"https:\/\/kapitalbank.az\" target=\"_blank\" rel=\"noopener\" title=\"\"> https:\/\/kapitalbank.az <\/a>sayt\u0131na, 196 \u018flaq\u0259 M\u0259rk\u0259zin\u0259 v\u0259 ya Bank\u0131n m\u00fcxt\u0259lif sosial \u015f\u0259b\u0259k\u0259l\u0259rd\u0259 olan s\u0259hif\u0259l\u0259rin\u0259 m\u00fcraci\u0259t ed\u0259 bil\u0259rsiniz. Na\u011fd pul krediti sifari\u015fi \u00fc\u00e7\u00fcn \u2013<a href=\"https:\/\/kbl.az\/prgtk\" target=\"_blank\" rel=\"noopener\" title=\"\"> https:\/\/kbl.az\/prgtk<\/a>, Birbank kart\u0131 sifari\u015fi \u00fc\u00e7\u00fcn \u2013 <a href=\"https:\/\/kbl.az\/prcrc\" target=\"_blank\" rel=\"noopener\" title=\"\">https:\/\/kbl.az\/prcrc<\/a>.<\/p>\n","protected":false},"excerpt":{"rendered":"<p>Kapital Bank qeyri-neft sektoru \u00fczr\u0259 vergi rekord\u00e7usu \u00fcnvan\u0131n\u0131 qoruyur \u0130qtisadiyyat Nazirliyind\u0259&nbsp;\u201cVergi sistemind\u0259 g\u0259l\u0259c\u0259y\u0259 bax\u0131\u015f: Yeni idar\u0259etm\u0259 modeli v\u0259 data \u0259sasl\u0131 q\u0259rarlar\u201d adl\u0131 forum ke\u00e7irilib. R\u0259q\u0259msalla\u015fma il\u0259 yana\u015f\u0131, a\u011f\u0131ll\u0131 q\u0259rar q\u0259buletm\u0259 mexanizmini t\u0259min ed\u0259n, m\u0259lumatlara s\u00f6yk\u0259n\u0259n&#8230;<\/p>\n","protected":false},"author":1,"featured_media":45321,"comment_status":"closed","ping_status":"closed","sticky":false,"template":"","format":"standard","meta":{"footnotes":""},"categories":[41],"tags":[],"aioseo_notices":[],"_links":{"self":[{"href":"https:\/\/rockvell.com\/index.php?rest_route=\/wp\/v2\/posts\/45320"}],"collection":[{"href":"https:\/\/rockvell.com\/index.php?rest_route=\/wp\/v2\/posts"}],"about":[{"href":"https:\/\/rockvell.com\/index.php?rest_route=\/wp\/v2\/types\/post"}],"author":[{"embeddable":true,"href":"https:\/\/rockvell.com\/index.php?rest_route=\/wp\/v2\/users\/1"}],"replies":[{"embeddable":true,"href":"https:\/\/rockvell.com\/index.php?rest_route=%2Fwp%2Fv2%2Fcomments&post=45320"}],"version-history":[{"count":1,"href":"https:\/\/rockvell.com\/index.php?rest_route=\/wp\/v2\/posts\/45320\/revisions"}],"predecessor-version":[{"id":45322,"href":"https:\/\/rockvell.com\/index.php?rest_route=\/wp\/v2\/posts\/45320\/revisions\/45322"}],"wp:featuredmedia":[{"embeddable":true,"href":"https:\/\/rockvell.com\/index.php?rest_route=\/wp\/v2\/media\/45321"}],"wp:attachment":[{"href":"https:\/\/rockvell.com\/index.php?rest_route=%2Fwp%2Fv2%2Fmedia&parent=45320"}],"wp:term":[{"taxonomy":"category","embeddable":true,"href":"https:\/\/rockvell.com\/index.php?rest_route=%2Fwp%2Fv2%2Fcategories&post=45320"},{"taxonomy":"post_tag","embeddable":true,"href":"https:\/\/rockvell.com\/index.php?rest_route=%2Fwp%2Fv2%2Ftags&post=45320"}],"curies":[{"name":"wp","href":"https:\/\/api.w.org\/{rel}","templated":true}]}}