{"id":45880,"date":"2026-04-27T02:00:00","date_gmt":"2026-04-26T23:00:00","guid":{"rendered":"https:\/\/rockvell.com\/?p=45880"},"modified":"2026-04-27T12:28:13","modified_gmt":"2026-04-27T09:28:13","slug":"ismayillida-sahibkarligin-inkisafina-dair-gorus-t%c9%99skil-olunub","status":"publish","type":"post","link":"https:\/\/rockvell.com\/?p=45880","title":{"rendered":"\u0130smay\u0131ll\u0131da sahibkarl\u0131\u011f\u0131n inki\u015faf\u0131na dair g\u00f6r\u00fc\u015f t\u0259\u015fkil olunub"},"content":{"rendered":"\n<p class=\"has-medium-font-size\"><strong>\u0130smay\u0131ll\u0131da sahibkarl\u0131\u011f\u0131n inki\u015faf\u0131na dair g\u00f6r\u00fc\u015f t\u0259\u015fkil olunub<\/strong><\/p>\n\n\n\n<p>Sahibkarlarla ke\u00e7irilmi\u015f g\u00f6r\u00fc\u015fd\u0259 heyvandarl\u0131\u011f\u0131n inki\u015faf\u0131, g\u00fcz\u0259\u015ftli kreditl\u0259rin al\u0131nmas\u0131, sat\u0131malmalarda KOB-lar\u0131n i\u015ftirak\u0131, tiki\u015f m\u00fc\u0259ssis\u0259sin\u0259 pe\u015f\u0259kar m\u00fct\u0259x\u0259ssisl\u0259rin c\u0259lb edilm\u0259sin\u0259 d\u0259st\u0259k m\u0259s\u0259l\u0259l\u0259ri m\u00fczakir\u0259 edilib.<\/p>\n\n\n\n<p>Ki\u00e7ik v\u0259 Orta Biznesin \u0130nki\u015faf\u0131 Agentliyinin (KOB\u0130A) v\u0259 \u0130smay\u0131ll\u0131 Rayon \u0130cra Hakimiyy\u0259tinin birg\u0259 t\u0259\u015fkilat\u00e7\u0131l\u0131\u011f\u0131 il\u0259 \u0130smay\u0131ll\u0131 rayonunda sahibkarlarla g\u00f6r\u00fc\u015f ke\u00e7irilib. M\u0259qs\u0259d rayonda sahibkarl\u0131\u011f\u0131n inki\u015faf\u0131na dair biznes subyektl\u0259rinin t\u0259klif v\u0259 ehtiyaclar\u0131n\u0131n \u00f6yr\u0259nilm\u0259si, h\u0259m\u00e7inin d\u00f6vl\u0259tin m\u00f6vcud d\u0259st\u0259k mexanizml\u0259ri bar\u0259d\u0259 onlar\u0131n m\u0259lumatland\u0131r\u0131lmas\u0131d\u0131r.<\/p>\n\n\n<div class=\"wp-block-image\">\n<figure class=\"aligncenter size-large is-resized\"><img loading=\"lazy\" decoding=\"async\" width=\"1024\" height=\"682\" src=\"https:\/\/rockvell.com\/wp-content\/uploads\/2026\/04\/2-A18I5882-1024x682.jpg\" alt=\"\" class=\"wp-image-45881\" style=\"width:453px;height:auto\" srcset=\"https:\/\/rockvell.com\/wp-content\/uploads\/2026\/04\/2-A18I5882-1024x682.jpg 1024w, https:\/\/rockvell.com\/wp-content\/uploads\/2026\/04\/2-A18I5882-300x200.jpg 300w, https:\/\/rockvell.com\/wp-content\/uploads\/2026\/04\/2-A18I5882-768x512.jpg 768w, https:\/\/rockvell.com\/wp-content\/uploads\/2026\/04\/2-A18I5882-360x240.jpg 360w, https:\/\/rockvell.com\/wp-content\/uploads\/2026\/04\/2-A18I5882.jpg 1280w\" sizes=\"(max-width: 1024px) 100vw, 1024px\" \/><\/figure><\/div>\n\n\n<p>T\u0259dbird\u0259 k\u0259nd t\u0259s\u0259rr\u00fcfat\u0131, ar\u0131\u00e7\u0131l\u0131q, ictimai ia\u015f\u0259, ba\u011f\u00e7\u0131l\u0131q sah\u0259l\u0259rind\u0259 f\u0259aliyy\u0259t g\u00f6st\u0259r\u0259n 70-\u0259 yax\u0131n biznes subyekti, el\u0259c\u0259 d\u0259 sahibkarlara d\u0259st\u0259k v\u0259 xidm\u0259t g\u00f6st\u0259r\u0259n d\u00f6vl\u0259t qurumlar\u0131n\u0131n n\u00fcmay\u0259nd\u0259l\u0259ri i\u015ftirak edibl\u0259r.<\/p>\n\n\n\n<p>\u0130smay\u0131ll\u0131 Rayon \u0130cra Hakimiyy\u0259ti ba\u015f\u00e7\u0131s\u0131n\u0131n birinci m\u00fcavini Mahmud S\u00fcleymanov v\u0259 KOB\u0130A-n\u0131n \u0130dar\u0259 Hey\u0259tinin s\u0259dri Orxan M\u0259mm\u0259dov regionda sahibkarl\u0131\u011f\u0131n inki\u015faf\u0131, d\u00f6vl\u0259tin d\u0259st\u0259k mexanizml\u0259ri v\u0259 biznes m\u00fchitinin yax\u015f\u0131la\u015fd\u0131r\u0131lmas\u0131 istiqam\u0259tind\u0259 g\u00f6r\u00fcl\u0259n i\u015fl\u0259r bar\u0259d\u0259 m\u0259lumat veribl\u0259r. Bildirilib ki, \u0130smay\u0131ll\u0131 rayonunda da\u011fl\u0131q v\u0259 da\u011f\u0259t\u0259yi \u0259razil\u0259rin \u00fcst\u00fcnl\u00fck t\u0259\u015fkil etm\u0259si k\u0259nd t\u0259s\u0259rr\u00fcfat\u0131 v\u0259 turizm \u00fc\u00e7\u00fcn \u0259lveri\u015fli \u015f\u0259rait yarad\u0131r. Ba\u011f\u00e7\u0131l\u0131q, \u00fcz\u00fcm\u00e7\u00fcl\u00fck, tax\u0131l\u00e7\u0131l\u0131q, heyvandarl\u0131q, ar\u0131\u00e7\u0131l\u0131q v\u0259 t\u0259r\u0259v\u0259z\u00e7ilik \u0130smay\u0131ll\u0131n\u0131n iqtisadi profilini formala\u015fd\u0131ran aqrar sah\u0259l\u0259rdir.<\/p>\n\n\n\n<p>Emal y\u00f6n\u00fcml\u00fc istehsal k\u0259nd t\u0259s\u0259rr\u00fcfat\u0131 m\u0259hsullar\u0131n\u0131n ilkin v\u0259 qism\u0259n d\u0259rin emal\u0131 \u00fcz\u0259rind\u0259 formala\u015f\u0131b, rayonda s\u0259naye v\u0259 ticar\u0259t sah\u0259l\u0259ri d\u0259 inki\u015faf edir.<\/p>\n\n\n\n<p>Qeyd edilib ki, rayonun m\u00f6vcud imkanlar\u0131ndan istifad\u0259 etm\u0259kl\u0259 aqrar m\u0259hsullar\u0131n toplanmas\u0131, saxlanmas\u0131, emal\u0131 v\u0259 dig\u0259r regionlara da\u015f\u0131nmas\u0131 istiqam\u0259tind\u0259 biznes t\u0259\u015f\u0259bb\u00fcsl\u0259rinin inki\u015faf etdirilm\u0259si, yerli m\u0259hsullar\u0131n qabla\u015fd\u0131r\u0131lmas\u0131 v\u0259 bazarlara \u00e7\u0131xar\u0131lmas\u0131 \u00fc\u00e7\u00fcn ki\u00e7ik emal v\u0259 xidm\u0259t t\u0259\u015f\u0259bb\u00fcsl\u0259rin\u0259 \u00fcst\u00fcnl\u00fck verilm\u0259si, m\u00fcasir texnologiyalar\u0131n v\u0259 s\u0259m\u0259r\u0259li idar\u0259etm\u0259 \u00fcsullar\u0131n\u0131n t\u0259tbiqi il\u0259 m\u0259hsuldarl\u0131\u011f\u0131n art\u0131r\u0131lmas\u0131, sahibkarlar aras\u0131nda \u0259m\u0259kda\u015fl\u0131\u011f\u0131n geni\u015fl\u0259ndirilm\u0259si v\u0259 d\u00f6vl\u0259tin m\u00f6vcud d\u0259st\u0259k mexanizml\u0259rind\u0259n f\u0259al istifad\u0259 sahibkarl\u0131q f\u0259aliyy\u0259tinin geni\u015fl\u0259nm\u0259sin\u0259 v\u0259 yeni imkanlar\u0131n yaranmas\u0131na xidm\u0259t ed\u0259c\u0259kdir.<\/p>\n\n\n\n<p>G\u00f6r\u00fc\u015fd\u0259 sahibkarlar\u0131n heyvandarl\u0131q sah\u0259sinin geni\u015fl\u0259ndirilm\u0259sin\u0259 d\u0259st\u0259k, g\u00fcz\u0259\u015ftli kreditl\u0259rin al\u0131nmas\u0131, sat\u0131malma prosesind\u0259 KOB-lar\u0131n i\u015ftirak\u0131, tiki\u015f m\u00fc\u0259ssis\u0259sin\u0259 m\u00fct\u0259x\u0259ssisl\u0259rin c\u0259lb edilm\u0259sin\u0259 d\u0259st\u0259k v\u0259 s. kimi istiqam\u0259tl\u0259rd\u0259 m\u00fcraci\u0259tl\u0259ri dinl\u0259nilib, suallar\u0131 cavabland\u0131r\u0131l\u0131b.<\/p>\n","protected":false},"excerpt":{"rendered":"<p>\u0130smay\u0131ll\u0131da sahibkarl\u0131\u011f\u0131n inki\u015faf\u0131na dair g\u00f6r\u00fc\u015f t\u0259\u015fkil olunub Sahibkarlarla ke\u00e7irilmi\u015f g\u00f6r\u00fc\u015fd\u0259 heyvandarl\u0131\u011f\u0131n inki\u015faf\u0131, g\u00fcz\u0259\u015ftli kreditl\u0259rin al\u0131nmas\u0131, sat\u0131malmalarda KOB-lar\u0131n i\u015ftirak\u0131, tiki\u015f m\u00fc\u0259ssis\u0259sin\u0259 pe\u015f\u0259kar m\u00fct\u0259x\u0259ssisl\u0259rin c\u0259lb edilm\u0259sin\u0259 d\u0259st\u0259k m\u0259s\u0259l\u0259l\u0259ri m\u00fczakir\u0259 edilib. Ki\u00e7ik v\u0259 Orta Biznesin \u0130nki\u015faf\u0131 Agentliyinin (KOB\u0130A)&#8230;<\/p>\n","protected":false},"author":1,"featured_media":45882,"comment_status":"closed","ping_status":"closed","sticky":false,"template":"","format":"standard","meta":{"footnotes":""},"categories":[41],"tags":[],"aioseo_notices":[],"_links":{"self":[{"href":"https:\/\/rockvell.com\/index.php?rest_route=\/wp\/v2\/posts\/45880"}],"collection":[{"href":"https:\/\/rockvell.com\/index.php?rest_route=\/wp\/v2\/posts"}],"about":[{"href":"https:\/\/rockvell.com\/index.php?rest_route=\/wp\/v2\/types\/post"}],"author":[{"embeddable":true,"href":"https:\/\/rockvell.com\/index.php?rest_route=\/wp\/v2\/users\/1"}],"replies":[{"embeddable":true,"href":"https:\/\/rockvell.com\/index.php?rest_route=%2Fwp%2Fv2%2Fcomments&post=45880"}],"version-history":[{"count":1,"href":"https:\/\/rockvell.com\/index.php?rest_route=\/wp\/v2\/posts\/45880\/revisions"}],"predecessor-version":[{"id":45883,"href":"https:\/\/rockvell.com\/index.php?rest_route=\/wp\/v2\/posts\/45880\/revisions\/45883"}],"wp:featuredmedia":[{"embeddable":true,"href":"https:\/\/rockvell.com\/index.php?rest_route=\/wp\/v2\/media\/45882"}],"wp:attachment":[{"href":"https:\/\/rockvell.com\/index.php?rest_route=%2Fwp%2Fv2%2Fmedia&parent=45880"}],"wp:term":[{"taxonomy":"category","embeddable":true,"href":"https:\/\/rockvell.com\/index.php?rest_route=%2Fwp%2Fv2%2Fcategories&post=45880"},{"taxonomy":"post_tag","embeddable":true,"href":"https:\/\/rockvell.com\/index.php?rest_route=%2Fwp%2Fv2%2Ftags&post=45880"}],"curies":[{"name":"wp","href":"https:\/\/api.w.org\/{rel}","templated":true}]}}