{"id":45901,"date":"2026-04-27T06:00:00","date_gmt":"2026-04-27T03:00:00","guid":{"rendered":"https:\/\/rockvell.com\/?p=45901"},"modified":"2026-04-27T21:37:25","modified_gmt":"2026-04-27T18:37:25","slug":"azercell-milli-r%c9%99q%c9%99msal-ekosistemin-gucl%c9%99ndirilm%c9%99sin%c9%99-strateji-tohf%c9%99sini-davam-etdirir","status":"publish","type":"post","link":"https:\/\/rockvell.com\/?p=45901","title":{"rendered":"Azercell\u00a0milli\u00a0r\u0259q\u0259msal\u00a0ekosistemin\u00a0g\u00fccl\u0259ndirilm\u0259sin\u0259\u00a0strateji t\u00f6hf\u0259sini davam etdirir\u00a0"},"content":{"rendered":"\n<p class=\"has-medium-font-size\"><strong>Azercell\u00a0milli\u00a0r\u0259q\u0259msal\u00a0ekosistemin\u00a0g\u00fccl\u0259ndirilm\u0259sin\u0259\u00a0strateji t\u00f6hf\u0259sini davam etdirir\u00a0<\/strong><\/p>\n\n\n\n<p>\u015eirk\u0259t 2025-ci ild\u0259\u00a0infrastruktur\u00a0modernl\u0259\u015fdirilm\u0259si, s\u00fcni intellekt \u0259sasl\u0131 idar\u0259etm\u0259 v\u0259\u00a0kibert\u0259hl\u00fck\u0259sizlik\u00a0istiqam\u0259tind\u0259 kompleks t\u0259dbirl\u0259r h\u0259yata ke\u00e7irib\u00a0<\/p>\n\n\n\n<p>Abun\u0259\u00e7il\u0259rin\u0259 \u0259n y\u00fcks\u0259k m\u00fc\u015ft\u0259ri t\u0259cr\u00fcb\u0259sini t\u0259qdim etm\u0259yi prioritet kimi m\u00fc\u0259yy\u0259n ed\u0259n \u201cAzercell\u00a0Telekom\u201d MMC 2025-ci il \u0259rzind\u0259 \u015f\u0259b\u0259k\u0259 infrastrukturunun\u00a0geni\u015fl\u0259ndirilm\u0259si\u00a0v\u0259\u00a0modernl\u0259\u015fdirilm\u0259si, s\u00fcni intellekt \u0259sasl\u0131 idar\u0259etm\u0259 mexanizml\u0259rinin t\u0259tbiqi,\u00a0kibert\u0259hl\u00fck\u0259sizlik\u00a0imkanlar\u0131n\u0131n\u00a0g\u00fccl\u0259ndirilm\u0259si\u00a0v\u0259 b\u00f6hran\u00a0davaml\u0131l\u0131\u011f\u0131n\u0131n\u00a0art\u0131r\u0131lmas\u0131 istiqam\u0259tind\u0259 ard\u0131c\u0131l v\u0259 sistemli\u00a0t\u0259dbirl\u0259r\u00a0h\u0259yata ke\u00e7irib. \u015eirk\u0259tin\u00a0t\u0259\u015f\u0259bb\u00fcsl\u0259ri\u00a0milli\u00a0r\u0259q\u0259msal\u00a0ekosistemin\u00a0dayan\u0131ql\u0131l\u0131\u011f\u0131n\u0131n\u00a0m\u00f6hk\u0259ml\u0259ndirilm\u0259sin\u0259\u00a0m\u00fch\u00fcm t\u00f6hf\u0259 verib.\u00a0<\/p>\n\n\n<div class=\"wp-block-image\">\n<figure class=\"aligncenter size-full is-resized\"><img loading=\"lazy\" decoding=\"async\" width=\"600\" height=\"400\" src=\"https:\/\/rockvell.com\/wp-content\/uploads\/2026\/04\/azercell-loqo.jpeg\" alt=\"\" class=\"wp-image-45902\" style=\"width:462px;height:auto\" srcset=\"https:\/\/rockvell.com\/wp-content\/uploads\/2026\/04\/azercell-loqo.jpeg 600w, https:\/\/rockvell.com\/wp-content\/uploads\/2026\/04\/azercell-loqo-300x200.jpeg 300w, https:\/\/rockvell.com\/wp-content\/uploads\/2026\/04\/azercell-loqo-360x240.jpeg 360w\" sizes=\"(max-width: 600px) 100vw, 600px\" \/><\/figure><\/div>\n\n\n<p>Haz\u0131rda 5 milyondan \u00e7ox abun\u0259\u00e7iy\u0259 xidm\u0259t g\u00f6st\u0259r\u0259n\u00a0Azercell-in\u00a0\u00f6lk\u0259 \u00fczr\u0259 co\u011frafi \u0259hat\u0259 dair\u0259si 95,6%, \u0259hali \u00fczr\u0259 \u0259hat\u0259 s\u0259viyy\u0259si is\u0259 98,6% t\u0259\u015fkil edir.\u00a0Artan\u00a0data\u00a0trafiki\u00a0v\u0259 s\u00fcr\u0259tl\u0259 d\u0259yi\u015f\u0259n istifad\u0259\u00e7i davran\u0131\u015flar\u0131 \u015f\u0259b\u0259k\u0259nin\u00a0optimalla\u015fd\u0131r\u0131lmas\u0131n\u0131\u00a0\u015firk\u0259tin\u00a0\u0259sas prioritetl\u0259rd\u0259n birin\u0259 \u00e7evirib.\u00a0\u0130l \u0259rzind\u0259 220-d\u0259n \u00e7ox m\u00f6vcud baza stansiyas\u0131\u00a0modernl\u0259\u015fdirilib, Bak\u0131, Ab\u015feron v\u0259 Sumqay\u0131t \u00fczr\u0259 50, regionlarda is\u0259 218 olmaqla \u00fcmumilikd\u0259 268 yeni baza stansiyas\u0131 istifad\u0259y\u0259 verilib. N\u0259tic\u0259d\u0259 \u00f6lk\u0259 \u00fczr\u0259 LTE\u00a0(4G)\u00a0baza stansiyalar\u0131n\u0131n say\u0131 3860-\u0131 \u00f6t\u00fcb.\u00a0<\/p>\n\n\n\n<p>Eyni zamanda, \u015firk\u0259t\u00a0beyn\u0259lxalq GSM Assosiasiyas\u0131 (GSMA) v\u0259 s\u00fcni intellekt, bulud texnologiyalar\u0131,\u00a0el\u0259c\u0259 d\u0259\u00a0analitika sah\u0259sind\u0259 qlobal liderl\u0259rd\u0259n biri\u00a0kimi tan\u0131nan\u00a0IBM il\u0259 strateji \u0259m\u0259kda\u015fl\u0131\u011f\u0131n\u0131\u00a0geni\u015fl\u0259ndir\u0259r\u0259k\u00a0\u015f\u0259b\u0259k\u0259\u00a0optimalla\u015fd\u0131r\u0131lmas\u0131\u00a0prosesl\u0259rind\u0259 generativ s\u00fcni intellekt \u0259sasl\u0131 h\u0259ll\u0259rin t\u0259tbiqin\u0259 ba\u015flay\u0131b. Bu \u00e7\u0259r\u00e7iv\u0259d\u0259 h\u0259yata ke\u00e7iril\u0259n t\u0259\u015f\u0259bb\u00fcs \u0259l \u0259m\u0259yin\u0259 \u0259saslanan t\u0259hlil prosesl\u0259rini \u0259h\u0259miyy\u0259tli d\u0259r\u0259c\u0259d\u0259 azaldaraq \u015f\u0259b\u0259k\u0259\u00a0performans\u0131n\u0131n\u00a0daha s\u00fcr\u0259tli v\u0259 d\u0259qiq\u00a0qiym\u0259tl\u0259ndirilm\u0259sin\u0259\u00a0imkan yarad\u0131b. Q\u0259rar q\u0259buletm\u0259 mexanizml\u0259rinin \u00e7evikliyi art\u0131b,\u00a0optimalla\u015fd\u0131rma\u00a0prosesl\u0259ri is\u0259 daha m\u0259lumat \u0259sasl\u0131 \u015f\u0259kild\u0259 h\u0259yata ke\u00e7irilib. Layih\u0259nin \u201cGSMA AI\u00a0Use\u00a0Case\u00a0Library\u201dd\u0259\u00a0yer almas\u0131\u00a0Azercell-in\u00a0qlobal\u00a0innovasiya\u00a0ekosistemind\u0259\u00a0f\u0259al i\u015ftirak\u0131n\u0131 v\u0259 s\u00fcni intellekt \u0259sasl\u0131 transformasiya strategiyas\u0131n\u0131n beyn\u0259lxalq s\u0259viyy\u0259d\u0259 tan\u0131nd\u0131\u011f\u0131n\u0131 n\u00fcmayi\u015f etdirib.\u00a0<\/p>\n\n\n\n<p>\u015eirk\u0259t\u00a0Az\u0259rbaycan Respublikas\u0131n\u0131n 2023\u20132027-ci ill\u0259r \u00fczr\u0259 informasiya t\u0259hl\u00fck\u0259sizliyi v\u0259\u00a0kibert\u0259hl\u00fck\u0259sizlik\u00a0strategiyas\u0131n\u0131 r\u0259hb\u0259r tutaraq\u00a0bu\u00a0istiqam\u0259td\u0259\u00a0d\u0259\u00a0strateji yana\u015fmas\u0131n\u0131\u00a0d\u0259rinl\u0259\u015fdirib.\u00a0Azercell\u00a0daxili sisteml\u0259rd\u0259 s\u00fcni intellekt texnologiyalar\u0131n\u0131n t\u0259tbiqini\u00a0geni\u015fl\u0259ndirib, insidentl\u0259rin\u00a0avtomatla\u015fd\u0131r\u0131lm\u0131\u015f\u00a0t\u0259hlili,\u00a0z\u0259iflikl\u0259rin\u00a0a\u015fkarlanmas\u0131 v\u0259 riskl\u0259rin operativ\u00a0qiym\u0259tl\u0259ndirilm\u0259si\u00a0mexanizml\u0259rini\u00a0t\u0259kmill\u0259\u015fdirib. Real vaxt rejimind\u0259 monitorinq imkanlar\u0131n\u0131n\u00a0g\u00fccl\u0259ndirilm\u0259si\u00a0potensial\u00a0kibert\u0259hl\u00fck\u0259l\u0259rin\u00a0qar\u015f\u0131s\u0131n\u0131n vaxt\u0131nda al\u0131nmas\u0131na v\u0259 \u00fcmumi a\u015fkarlama s\u0259viyy\u0259sinin\u00a0y\u00fcks\u0259ldilm\u0259sin\u0259\u00a0\u015f\u0259rait yarad\u0131b.\u00a0<\/p>\n\n\n\n<p>Azercell-in\u00a0\u201cCyberCell\u201d komandas\u0131 \u201cCritical\u00a0Infrastructure\u00a0Defence\u00a0Challenge\u00a02025\u201d yar\u0131\u015f\u0131nda ikinci d\u0259f\u0259 vitse-\u00e7empion ad\u0131n\u0131 qazanaraq\u00a0kritik\u00a0infrastrukturun qorunmas\u0131 sah\u0259sind\u0259 y\u00fcks\u0259k pe\u015f\u0259karl\u0131q n\u00fcmayi\u015f etdirib. \u015eirk\u0259t m\u00fct\u0259x\u0259ssisl\u0259rinin \u201cBlack\u00a0Hat USA 2025\u201d v\u0259 \u201cDEFCON 33\u201d kimi n\u00fcfuzlu beyn\u0259lxalq platformalarda i\u015ftirak\u0131 is\u0259\u00a0Azercell-in\u00a0qlobal\u00a0kibert\u0259hl\u00fck\u0259sizlik\u00a0g\u00fcnd\u0259liyind\u0259 aktiv m\u00f6vqeyini bir daha t\u0259sdiql\u0259yib.\u00a0<\/p>\n\n\n\n<p>Eyni zamanda,\u00a0Bak\u0131 M\u00fch\u0259ndislik Universiteti v\u0259 Az\u0259rbaycan\u00a0Kibert\u0259hl\u00fck\u0259sizlik\u00a0M\u0259rk\u0259zi il\u0259 \u0259m\u0259kda\u015fl\u0131q \u00e7\u0259r\u00e7iv\u0259sind\u0259 h\u0259yata ke\u00e7iril\u0259n t\u0259\u015f\u0259bb\u00fcsl\u0259r sektor \u00fczr\u0259 bilik v\u0259 bacar\u0131qlar\u0131n\u00a0art\u0131r\u0131lmas\u0131na, yerli ekspert potensial\u0131n\u0131n\u00a0g\u00fccl\u0259ndirilm\u0259sin\u0259\u00a0xidm\u0259t edib.\u00a0<\/p>\n\n\n\n<p>Rabit\u0259 infrastrukturunun uzunm\u00fcdd\u0259tli\u00a0dayan\u0131ql\u0131l\u0131\u011f\u0131n\u0131n\u00a0t\u0259min edilm\u0259si m\u0259qs\u0259dil\u0259\u00a0Azercell-in\u00a0t\u0259\u015f\u0259bb\u00fcs\u00fc il\u0259 yarad\u0131lm\u0131\u015f \u201cB\u00f6hran \u0130dar\u0259etm\u0259 Qrupu\u201d 2025-ci ild\u0259 f\u0259aliyy\u0259tini\u00a0geni\u015fl\u0259ndir\u0259r\u0259k\u00a0institusional\u00a0\u0259m\u0259kda\u015fl\u0131q modelini daha da\u00a0m\u00f6hk\u0259ml\u0259ndirib. Bu \u00e7\u0259r\u00e7iv\u0259d\u0259 \u00f6lk\u0259 \u0259razisind\u0259 v\u0259 Orta D\u0259hliz boyunca rabit\u0259 infrastrukturunun\u00a0etibarl\u0131l\u0131\u011f\u0131n\u0131\u00a0v\u0259\u00a0fasil\u0259sizliyini\u00a0t\u0259min ed\u0259n vahid koordinasiya mexanizminin\u00a0formala\u015fd\u0131r\u0131lmas\u0131\u00a0istiqam\u0259tind\u0259 i\u015fl\u0259r davam etdirilib. \u201cAztelekom\u201d v\u0259 \u201cAzercosmos\u201d n\u00fcmay\u0259nd\u0259l\u0259rinin i\u015ftirak\u0131 il\u0259 biznes davaml\u0131l\u0131\u011f\u0131, b\u00f6hran kommunikasiyas\u0131, infrastrukturun operativ b\u0259rpas\u0131 v\u0259 informasiya t\u0259hl\u00fck\u0259sizliyi \u00fczr\u0259 praktiki t\u0259liml\u0259r v\u0259 ssenari \u0259sasl\u0131 m\u0259\u015fql\u0259r h\u0259yata ke\u00e7irilib. Bak\u0131 \u015f\u0259h\u0259rind\u0259 v\u0259 Qaraba\u011f b\u00f6lg\u0259sind\u0259 real vaxt rejimind\u0259 ke\u00e7iril\u0259n dayan\u0131ql\u0131l\u0131q testl\u0259ri\u00a0komandalararas\u0131\u00a0koordinasiyan\u0131n effektivliyini n\u00fcmayi\u015f etdirib, milli peyk\u00a0imkanlar\u0131ndan\u00a0istifad\u0259 etm\u0259kl\u0259 rabit\u0259 xidm\u0259tl\u0259rinin\u00a0fasil\u0259sizliyinin\u00a0t\u0259min olunmas\u0131 u\u011furla s\u0131naqdan ke\u00e7irilib.\u00a0<\/p>\n\n\n\n<p>\u201cBa\u011flant\u0131n\u0131\u00a0asanla\u015fd\u0131r\u0131r, h\u0259yat\u0131 daha dol\u011fun edirik\u201d strateji m\u0259qs\u0259din\u0259 sadiq qalan\u00a0Azercell\u00a0innovativ\u00a0texnoloji h\u0259ll\u0259r v\u0259 dayan\u0131ql\u0131 inki\u015faf prinsipl\u0259rin\u0259 \u0259saslanan yana\u015fmas\u0131 il\u0259 Az\u0259rbaycan\u0131n\u00a0r\u0259q\u0259msal\u00a0transformasiyas\u0131na t\u00f6hf\u0259 verm\u0259y\u0259 davam ed\u0259c\u0259k.\u00a0<\/p>\n","protected":false},"excerpt":{"rendered":"<p>Azercell\u00a0milli\u00a0r\u0259q\u0259msal\u00a0ekosistemin\u00a0g\u00fccl\u0259ndirilm\u0259sin\u0259\u00a0strateji t\u00f6hf\u0259sini davam etdirir\u00a0 \u015eirk\u0259t 2025-ci ild\u0259\u00a0infrastruktur\u00a0modernl\u0259\u015fdirilm\u0259si, s\u00fcni intellekt \u0259sasl\u0131 idar\u0259etm\u0259 v\u0259\u00a0kibert\u0259hl\u00fck\u0259sizlik\u00a0istiqam\u0259tind\u0259 kompleks t\u0259dbirl\u0259r h\u0259yata ke\u00e7irib\u00a0 Abun\u0259\u00e7il\u0259rin\u0259 \u0259n y\u00fcks\u0259k m\u00fc\u015ft\u0259ri t\u0259cr\u00fcb\u0259sini t\u0259qdim etm\u0259yi prioritet kimi m\u00fc\u0259yy\u0259n ed\u0259n \u201cAzercell\u00a0Telekom\u201d MMC 2025-ci il \u0259rzind\u0259 \u015f\u0259b\u0259k\u0259 infrastrukturunun\u00a0geni\u015fl\u0259ndirilm\u0259si\u00a0v\u0259\u00a0modernl\u0259\u015fdirilm\u0259si, s\u00fcni&#8230;<\/p>\n","protected":false},"author":1,"featured_media":45902,"comment_status":"closed","ping_status":"closed","sticky":false,"template":"","format":"standard","meta":{"footnotes":""},"categories":[10],"tags":[],"aioseo_notices":[],"_links":{"self":[{"href":"https:\/\/rockvell.com\/index.php?rest_route=\/wp\/v2\/posts\/45901"}],"collection":[{"href":"https:\/\/rockvell.com\/index.php?rest_route=\/wp\/v2\/posts"}],"about":[{"href":"https:\/\/rockvell.com\/index.php?rest_route=\/wp\/v2\/types\/post"}],"author":[{"embeddable":true,"href":"https:\/\/rockvell.com\/index.php?rest_route=\/wp\/v2\/users\/1"}],"replies":[{"embeddable":true,"href":"https:\/\/rockvell.com\/index.php?rest_route=%2Fwp%2Fv2%2Fcomments&post=45901"}],"version-history":[{"count":1,"href":"https:\/\/rockvell.com\/index.php?rest_route=\/wp\/v2\/posts\/45901\/revisions"}],"predecessor-version":[{"id":45903,"href":"https:\/\/rockvell.com\/index.php?rest_route=\/wp\/v2\/posts\/45901\/revisions\/45903"}],"wp:featuredmedia":[{"embeddable":true,"href":"https:\/\/rockvell.com\/index.php?rest_route=\/wp\/v2\/media\/45902"}],"wp:attachment":[{"href":"https:\/\/rockvell.com\/index.php?rest_route=%2Fwp%2Fv2%2Fmedia&parent=45901"}],"wp:term":[{"taxonomy":"category","embeddable":true,"href":"https:\/\/rockvell.com\/index.php?rest_route=%2Fwp%2Fv2%2Fcategories&post=45901"},{"taxonomy":"post_tag","embeddable":true,"href":"https:\/\/rockvell.com\/index.php?rest_route=%2Fwp%2Fv2%2Ftags&post=45901"}],"curies":[{"name":"wp","href":"https:\/\/api.w.org\/{rel}","templated":true}]}}