{"id":45906,"date":"2026-04-27T07:00:00","date_gmt":"2026-04-27T04:00:00","guid":{"rendered":"https:\/\/rockvell.com\/?p=45906"},"modified":"2026-04-27T21:42:29","modified_gmt":"2026-04-27T18:42:29","slug":"gulayin-moht%c9%99s%c9%99m-solo-konserti-kecirilib","status":"publish","type":"post","link":"https:\/\/rockvell.com\/?p=45906","title":{"rendered":"G\u00fclay\u0131n m\u00f6ht\u0259\u015f\u0259m solo konserti ke\u00e7irilib"},"content":{"rendered":"\n<p class=\"has-medium-font-size\"><strong>G\u00fclay\u0131n m\u00f6ht\u0259\u015f\u0259m solo konserti ke\u00e7irilib<\/strong><\/p>\n\n\n\n<p>24 aprel Heyd\u0259r \u018fliyev Saray\u0131nda Az\u0259rbaycan\u0131n sevil\u0259n ifa\u00e7\u0131s\u0131 G\u00fclay\u0131n m\u00f6ht\u0259\u015f\u0259m solo konserti ke\u00e7irilib.<\/p>\n\n\n\n<p>Konsertd\u0259 G\u00fclay\u0131n s\u0259n\u0259t dostlar\u0131, m\u0259\u015fhur apar\u0131c\u0131lar, b\u0259st\u0259karlar, q\u0131z\u0131 Sahil\u0259 v\u0259 dig\u0259r ail\u0259 \u00fczvl\u0259ri i\u015ftirak edib.<\/p>\n\n\n<div class=\"wp-block-image\">\n<figure class=\"aligncenter size-large is-resized\"><img loading=\"lazy\" decoding=\"async\" width=\"1024\" height=\"768\" src=\"https:\/\/rockvell.com\/wp-content\/uploads\/2026\/04\/1776959056_17769582421529541545_1200x630-8-1024x768.jpg\" alt=\"\" class=\"wp-image-45907\" style=\"width:464px;height:auto\" srcset=\"https:\/\/rockvell.com\/wp-content\/uploads\/2026\/04\/1776959056_17769582421529541545_1200x630-8-1024x768.jpg 1024w, https:\/\/rockvell.com\/wp-content\/uploads\/2026\/04\/1776959056_17769582421529541545_1200x630-8-300x225.jpg 300w, https:\/\/rockvell.com\/wp-content\/uploads\/2026\/04\/1776959056_17769582421529541545_1200x630-8-768x576.jpg 768w, https:\/\/rockvell.com\/wp-content\/uploads\/2026\/04\/1776959056_17769582421529541545_1200x630-8-360x270.jpg 360w, https:\/\/rockvell.com\/wp-content\/uploads\/2026\/04\/1776959056_17769582421529541545_1200x630-8.jpg 1280w\" sizes=\"(max-width: 1024px) 100vw, 1024px\" \/><\/figure><\/div>\n\n\n<p>\u201cDoya-doya\u201d adl\u0131 gec\u0259d\u0259 tama\u015fa\u00e7\u0131lar duy\u011fusal v\u0259 z\u0259ngin musiqi proqram\u0131n\u0131n \u015fahidi olublar. S\u0259hn\u0259d\u0259 s\u0259n\u0259t\u00e7inin ill\u0259rdir sevil\u0259n hitl\u0259ri s\u0259sl\u0259ndirilib v\u0259 dinl\u0259yicil\u0259r t\u0259r\u0259find\u0259n b\u00f6y\u00fck co\u015fqu il\u0259 qar\u015f\u0131lan\u0131b.<\/p>\n\n\n\n<p>Konsert zaman\u0131 \u00e7\u0131x\u0131\u015f ed\u0259n G\u00fclay Zeynall\u0131 zalda onu sev\u0259nl\u0259rin \u0259ks\u0259riyy\u0259tinin qad\u0131n olmas\u0131ndan m\u0259mnunlu\u011funu ifad\u0259 edib. O bildirib ki, bir xan\u0131m s\u0259n\u0259t\u00e7inin dinl\u0259yicil\u0259rinin b\u00f6y\u00fck hiss\u0259sinin qad\u0131nlardan ibar\u0259t olmas\u0131 x\u00fcsusi v\u0259 xo\u015f bir hissdir.<\/p>\n\n\n\n<p class=\"has-text-align-right\"><strong>G\u00fcnel H\u0259s\u0259nova<\/strong><\/p>\n","protected":false},"excerpt":{"rendered":"<p>G\u00fclay\u0131n m\u00f6ht\u0259\u015f\u0259m solo konserti ke\u00e7irilib 24 aprel Heyd\u0259r \u018fliyev Saray\u0131nda Az\u0259rbaycan\u0131n sevil\u0259n ifa\u00e7\u0131s\u0131 G\u00fclay\u0131n m\u00f6ht\u0259\u015f\u0259m solo konserti ke\u00e7irilib. Konsertd\u0259 G\u00fclay\u0131n s\u0259n\u0259t dostlar\u0131, m\u0259\u015fhur apar\u0131c\u0131lar, b\u0259st\u0259karlar, q\u0131z\u0131 Sahil\u0259 v\u0259 dig\u0259r ail\u0259 \u00fczvl\u0259ri i\u015ftirak edib. \u201cDoya-doya\u201d adl\u0131&#8230;<\/p>\n","protected":false},"author":1,"featured_media":45907,"comment_status":"closed","ping_status":"closed","sticky":false,"template":"","format":"standard","meta":{"footnotes":""},"categories":[48],"tags":[],"aioseo_notices":[],"_links":{"self":[{"href":"https:\/\/rockvell.com\/index.php?rest_route=\/wp\/v2\/posts\/45906"}],"collection":[{"href":"https:\/\/rockvell.com\/index.php?rest_route=\/wp\/v2\/posts"}],"about":[{"href":"https:\/\/rockvell.com\/index.php?rest_route=\/wp\/v2\/types\/post"}],"author":[{"embeddable":true,"href":"https:\/\/rockvell.com\/index.php?rest_route=\/wp\/v2\/users\/1"}],"replies":[{"embeddable":true,"href":"https:\/\/rockvell.com\/index.php?rest_route=%2Fwp%2Fv2%2Fcomments&post=45906"}],"version-history":[{"count":1,"href":"https:\/\/rockvell.com\/index.php?rest_route=\/wp\/v2\/posts\/45906\/revisions"}],"predecessor-version":[{"id":45908,"href":"https:\/\/rockvell.com\/index.php?rest_route=\/wp\/v2\/posts\/45906\/revisions\/45908"}],"wp:featuredmedia":[{"embeddable":true,"href":"https:\/\/rockvell.com\/index.php?rest_route=\/wp\/v2\/media\/45907"}],"wp:attachment":[{"href":"https:\/\/rockvell.com\/index.php?rest_route=%2Fwp%2Fv2%2Fmedia&parent=45906"}],"wp:term":[{"taxonomy":"category","embeddable":true,"href":"https:\/\/rockvell.com\/index.php?rest_route=%2Fwp%2Fv2%2Fcategories&post=45906"},{"taxonomy":"post_tag","embeddable":true,"href":"https:\/\/rockvell.com\/index.php?rest_route=%2Fwp%2Fv2%2Ftags&post=45906"}],"curies":[{"name":"wp","href":"https:\/\/api.w.org\/{rel}","templated":true}]}}