{"id":6585,"date":"2023-01-02T07:00:00","date_gmt":"2023-01-02T04:00:00","guid":{"rendered":"https:\/\/rockvell.com\/?p=6585"},"modified":"2023-01-03T00:39:17","modified_gmt":"2023-01-02T21:39:17","slug":"steve-jobs-italyan-geyim-markasi","status":"publish","type":"post","link":"https:\/\/rockvell.com\/?p=6585","title":{"rendered":"Steve Jobs &#8211; italyan geyim markas\u0131"},"content":{"rendered":"\n<p class=\"has-medium-font-size\"><strong>Steve Jobs &#8211; italyan geyim markas\u0131<\/strong><\/p>\n\n\n<div class=\"wp-block-image\">\n<figure class=\"aligncenter size-large is-resized\"><img loading=\"lazy\" decoding=\"async\" src=\"https:\/\/rockvell.com\/wp-content\/uploads\/2023\/01\/stevejobsclothing2-1024x768.jpg\" alt=\"\" class=\"wp-image-6586\" width=\"483\" height=\"362\" srcset=\"https:\/\/rockvell.com\/wp-content\/uploads\/2023\/01\/stevejobsclothing2-1024x768.jpg 1024w, https:\/\/rockvell.com\/wp-content\/uploads\/2023\/01\/stevejobsclothing2-300x225.jpg 300w, https:\/\/rockvell.com\/wp-content\/uploads\/2023\/01\/stevejobsclothing2-768x576.jpg 768w, https:\/\/rockvell.com\/wp-content\/uploads\/2023\/01\/stevejobsclothing2-1536x1152.jpg 1536w, https:\/\/rockvell.com\/wp-content\/uploads\/2023\/01\/stevejobsclothing2-360x270.jpg 360w, https:\/\/rockvell.com\/wp-content\/uploads\/2023\/01\/stevejobsclothing2.jpg 1600w\" sizes=\"(max-width: 483px) 100vw, 483px\" \/><\/figure><\/div>\n\n\n<p>2012-ci ild\u0259 \u0130taliyada Vincenzo v\u0259 Giacomo Barbato qarda\u015flar\u0131 d\u0259rzilik v\u0259 d\u0259b aksesuarlar\u0131 \u015firk\u0259ti yaratd\u0131lar. V\u0259 \u015firk\u0259tl\u0259rini \u00e7ox b\u0259sit adland\u0131rd\u0131lar &#8211; Steve Jobs. M\u0259lum olub ki, Apple-\u0131n qurucusunun ad\u0131 he\u00e7 vaxt ticar\u0259t ni\u015fan\u0131 kimi patentl\u0259\u015fdirilm\u0259yib. Ax\u0131 kim bir \u015f\u0259xsin ad\u0131n\u0131 patentl\u0259\u015fdirir? Ancaq Barbato qarda\u015flar\u0131 bunu etdil\u0259r v\u0259 h\u0259tta \u00f6z loqotipl\u0259rini d\u0259 yaratd\u0131lar: \u00fcst\u00fcnd\u0259 yarpaq olan di\u015fl\u0259nmi\u015f J h\u0259rfi. Apple m\u0259hk\u0259m\u0259 yolu il\u0259 bu loqo v\u0259 addan istifad\u0259ni qada\u011fan etm\u0259y\u0259 \u00e7al\u0131\u015fsa da, buna nail ola bilm\u0259yib.<\/p>\n","protected":false},"excerpt":{"rendered":"<p>Steve Jobs &#8211; italyan geyim markas\u0131 2012-ci ild\u0259 \u0130taliyada Vincenzo v\u0259 Giacomo Barbato qarda\u015flar\u0131 d\u0259rzilik v\u0259 d\u0259b aksesuarlar\u0131 \u015firk\u0259ti yaratd\u0131lar. V\u0259 \u015firk\u0259tl\u0259rini \u00e7ox b\u0259sit adland\u0131rd\u0131lar &#8211; Steve Jobs. M\u0259lum olub ki, Apple-\u0131n qurucusunun ad\u0131 he\u00e7&#8230;<\/p>\n","protected":false},"author":2,"featured_media":6586,"comment_status":"closed","ping_status":"closed","sticky":false,"template":"","format":"standard","meta":{"footnotes":""},"categories":[50],"tags":[],"aioseo_notices":[],"_links":{"self":[{"href":"https:\/\/rockvell.com\/index.php?rest_route=\/wp\/v2\/posts\/6585"}],"collection":[{"href":"https:\/\/rockvell.com\/index.php?rest_route=\/wp\/v2\/posts"}],"about":[{"href":"https:\/\/rockvell.com\/index.php?rest_route=\/wp\/v2\/types\/post"}],"author":[{"embeddable":true,"href":"https:\/\/rockvell.com\/index.php?rest_route=\/wp\/v2\/users\/2"}],"replies":[{"embeddable":true,"href":"https:\/\/rockvell.com\/index.php?rest_route=%2Fwp%2Fv2%2Fcomments&post=6585"}],"version-history":[{"count":1,"href":"https:\/\/rockvell.com\/index.php?rest_route=\/wp\/v2\/posts\/6585\/revisions"}],"predecessor-version":[{"id":6587,"href":"https:\/\/rockvell.com\/index.php?rest_route=\/wp\/v2\/posts\/6585\/revisions\/6587"}],"wp:featuredmedia":[{"embeddable":true,"href":"https:\/\/rockvell.com\/index.php?rest_route=\/wp\/v2\/media\/6586"}],"wp:attachment":[{"href":"https:\/\/rockvell.com\/index.php?rest_route=%2Fwp%2Fv2%2Fmedia&parent=6585"}],"wp:term":[{"taxonomy":"category","embeddable":true,"href":"https:\/\/rockvell.com\/index.php?rest_route=%2Fwp%2Fv2%2Fcategories&post=6585"},{"taxonomy":"post_tag","embeddable":true,"href":"https:\/\/rockvell.com\/index.php?rest_route=%2Fwp%2Fv2%2Ftags&post=6585"}],"curies":[{"name":"wp","href":"https:\/\/api.w.org\/{rel}","templated":true}]}}