{"id":8762,"date":"2023-03-03T10:00:00","date_gmt":"2023-03-03T07:00:00","guid":{"rendered":"https:\/\/rockvell.com\/?p=8762"},"modified":"2023-03-03T15:29:28","modified_gmt":"2023-03-03T12:29:28","slug":"azergold-qsc-nin-s%c9%99dri-macaristanin-olk%c9%99mizd%c9%99ki-fovq%c9%99lad%c9%99-v%c9%99-s%c9%99lahiyy%c9%99tli-s%c9%99firi-il%c9%99-gorusub","status":"publish","type":"post","link":"https:\/\/rockvell.com\/?p=8762","title":{"rendered":"\u201cAzerGold\u201d QSC-nin s\u0259dri Macar\u0131stan\u0131n \u00f6lk\u0259mizd\u0259ki s\u0259firi il\u0259 g\u00f6r\u00fc\u015f\u00fcb"},"content":{"rendered":"\n<p class=\"has-medium-font-size\"><strong>\u201cAzerGold\u201d QSC-nin s\u0259dri Macar\u0131stan\u0131n \u00f6lk\u0259mizd\u0259ki f\u00f6vq\u0259lad\u0259 v\u0259 s\u0259lahiyy\u0259tli s\u0259firi il\u0259 g\u00f6r\u00fc\u015f\u00fcb<\/strong><\/p>\n\n\n\n<p>\u201cAzerGold\u201d Qapal\u0131 S\u0259hmdar C\u0259miyy\u0259tinin (QSC) \u0130dar\u0259 Hey\u0259tinin s\u0259dri Zakir \u0130brahimov mart\u0131n 2-d\u0259 Macar\u0131stan\u0131n \u00f6lk\u0259mizd\u0259ki f\u00f6vq\u0259lad\u0259 v\u0259 s\u0259lahiyy\u0259tli s\u0259firi Tama\u015f Yojef Tormanla g\u00f6r\u00fc\u015f\u00fcb.<\/p>\n\n\n<div class=\"wp-block-image\">\n<figure class=\"aligncenter size-large is-resized\"><img loading=\"lazy\" decoding=\"async\" src=\"https:\/\/rockvell.com\/wp-content\/uploads\/2023\/03\/4-2-1024x543.jpg\" alt=\"\" class=\"wp-image-8763\" width=\"658\" height=\"348\" srcset=\"https:\/\/rockvell.com\/wp-content\/uploads\/2023\/03\/4-2-1024x543.jpg 1024w, https:\/\/rockvell.com\/wp-content\/uploads\/2023\/03\/4-2-300x159.jpg 300w, https:\/\/rockvell.com\/wp-content\/uploads\/2023\/03\/4-2-1536x815.jpg 1536w, https:\/\/rockvell.com\/wp-content\/uploads\/2023\/03\/4-2-360x191.jpg 360w, https:\/\/rockvell.com\/wp-content\/uploads\/2023\/03\/4-2.jpg 1707w\" sizes=\"(max-width: 658px) 100vw, 658px\" \/><\/figure><\/div>\n\n\n<p>S\u0259firliyin Ticar\u0259t v\u0259 iqtisadi m\u0259s\u0259l\u0259l\u0259r \u00fczr\u0259 atta\u015fesi, el\u0259c\u0259 d\u0259 Macar\u0131stan\u0131n \u201cVibrocomp\u201d \u015firk\u0259tinin n\u00fcmay\u0259nd\u0259sinin i\u015ftirak etdiyi g\u00f6r\u00fc\u015fd\u0259 diplomatik n\u00fcmay\u0259nd\u0259liyin iki \u00f6lk\u0259 aras\u0131nda bir \u00e7ox istiqam\u0259tl\u0259rd\u0259 m\u00f6vcud \u0259m\u0259kda\u015fl\u0131\u011f\u0131n g\u00fccl\u0259nm\u0259sind\u0259 xidm\u0259tl\u0259rini x\u00fcsusi vur\u011fulayan s\u0259dr Macar\u0131stan\u0131n \u00f6lk\u0259mizin vaxt\u0131 il\u0259 i\u015f\u011fal alt\u0131nda olmu\u015f \u0259razil\u0259ri il\u0259 ba\u011fl\u0131 beyn\u0259lxalq h\u00fcquqa, tarixi \u0259dal\u0259t\u0259 s\u00f6yk\u0259n\u0259n m\u00f6vqeyini daim d\u0259st\u0259kl\u0259diyin\u0259 g\u00f6r\u0259 t\u0259\u015f\u0259kk\u00fcr edib. &nbsp;Zakir \u0130brahimov iki \u00f6lk\u0259 aras\u0131ndak\u0131 \u0259laq\u0259l\u0259rin dostlu\u011fa v\u0259 qar\u015f\u0131l\u0131ql\u0131 h\u00f6rm\u0259t\u0259 \u0259sasland\u0131\u011f\u0131n\u0131 qeyd edib.<\/p>\n\n\n\n<p>Az\u0259rbaycan\u0131n Macar\u0131stan \u00fc\u00e7\u00fcn vacib t\u0259r\u0259fda\u015f oldu\u011funu qeyd ed\u0259n Tama\u015f Yojef Torma \u00f6lk\u0259sinin enerji t\u0259hl\u00fck\u0259sizliyinin t\u0259min edilm\u0259sind\u0259 Az\u0259rbaycan\u0131n m\u00fch\u00fcm rol oynad\u0131\u011f\u0131n\u0131 bildirib. Diplomat \u00f6lk\u0259l\u0259rimiz aras\u0131nda m\u00fcnasib\u0259tl\u0259rin z\u0259ngin tarix\u0259 malik oldu\u011funu vur\u011fulay\u0131b, haz\u0131rda da iki \u00f6lk\u0259 aras\u0131ndak\u0131 \u0259laq\u0259l\u0259rin y\u00fcks\u0259k s\u0259viyy\u0259d\u0259 olmas\u0131ndan m\u0259mnunlu\u011funu ifad\u0259 edib. S\u0259fir Macar\u0131stan\u0131n Az\u0259rbaycan\u0131n i\u015f\u011faldan azad olunmu\u015f \u0259razil\u0259rind\u0259 quruculuq i\u015fl\u0259rin\u0259 d\u0259 yax\u0131n g\u0259l\u0259c\u0259kd\u0259 t\u00f6hf\u0259nin verilm\u0259sin\u0259 \u00fcmidvar oldu\u011funu bildir\u0259r\u0259k, bunu dostluq m\u00fcnasib\u0259tinin n\u00f6vb\u0259ti t\u0259zah\u00fcr\u00fc kimi qiym\u0259tl\u0259ndirib.<\/p>\n\n\n\n<p>G\u00f6r\u00fc\u015f\u00fcn davam\u0131nda Z. \u0130brahimov \u201cAzerGold\u201d QSC-nin f\u0259aliyy\u0259t sah\u0259l\u0259ri \u00fczr\u0259 \u0259ld\u0259 etdiyi nailiyy\u0259tl\u0259r, C\u0259miyy\u0259tin strateji planlar\u0131 v\u0259 da\u011f-m\u0259d\u0259n sektorunda g\u00f6r\u00fcl\u0259n i\u015fl\u0259r haqq\u0131nda b\u0259hs edib. Z.\u0130brahimov Macar\u0131stan hey\u0259tin\u0259 Az\u0259rbaycan Respublikas\u0131n\u0131n Prezidenti, M\u00fcz\u0259ff\u0259r Ali Ba\u015f Komandan \u0130lham \u018fliyevin r\u0259hb\u0259rliyi il\u0259 Ordumuzun \u0259ld\u0259 etdiyi z\u0259f\u0259r n\u0259tic\u0259sind\u0259 azad edilmi\u015f K\u0259lb\u0259c\u0259r rayonunun mina v\u0259 partlamam\u0131\u015f h\u0259rbi sursatlardan t\u0259mizl\u0259nmi\u015f \u0259razil\u0259rind\u0259 C\u0259miyy\u0259tin icra etdiyi geoloji axtar\u0131\u015f i\u015fl\u0259ri il\u0259 ba\u011fl\u0131 m\u0259lumat verib. H\u0259min \u0259razid\u0259 daha s\u00fcr\u0259tl\u0259 v\u0259 daha geni\u015f miqyasda f\u0259aliyy\u0259tin apar\u0131lmas\u0131na m\u0259hz Erm\u0259nistan Respublikas\u0131 t\u0259r\u0259find\u0259n i\u015f\u011fal d\u00f6n\u0259mind\u0259 basd\u0131r\u0131lm\u0131\u015f minalar\u0131n \u0259ng\u0259l oldu\u011fu v\u0259 bu g\u00fcn\u0259d\u0259k mina x\u0259rit\u0259l\u0259rinin tam olaraq t\u0259hvil verilm\u0259diyi diqq\u0259t\u0259 \u00e7atd\u0131r\u0131l\u0131b.<\/p>\n\n\n\n<p>Daha sonra Macar\u0131stan\u0131n s\u0259s-k\u00fcy, hava v\u0259 vibrasiya il\u0259 \u0259traf m\u00fchitin \u00e7irkl\u0259nm\u0259sinin n\u0259tic\u0259l\u0259rinin yum\u015fald\u0131lmas\u0131n\u0131n proqnozla\u015fd\u0131r\u0131lmas\u0131, \u00f6l\u00e7\u00fclm\u0259si, modell\u0259\u015fdirilm\u0259si v\u0259 planla\u015fd\u0131r\u0131lmas\u0131 sah\u0259sind\u0259 innovativ v\u0259 y\u00fcks\u0259k keyfiyy\u0259tli yana\u015fmalarla texnoloji h\u0259ll\u0259r, texniki yard\u0131m v\u0259 m\u0259sl\u0259h\u0259t xidm\u0259tl\u0259ri t\u0259qdim ed\u0259n \u201cVibrocomp\u201d \u015firk\u0259ti haqq\u0131nda m\u0259lumat verilib.<\/p>\n\n\n\n<p>Z.\u0130brahimov \u0259traf m\u00fchitin m\u00fchafiz\u0259sinin \u201cAzerGold\u201d QSC-nin \u0259sas prioritetl\u0259rind\u0259n biri oldu\u011funu qeyd ed\u0259r\u0259k, hasilat sah\u0259l\u0259rind\u0259 m\u00f6vcud ekoloji monitorinq proqram\u0131na uy\u011fun olaraq hava, su v\u0259 torpaq n\u00fcmun\u0259l\u0259rinin m\u00fct\u0259madi olaraq yoxlan\u0131ld\u0131\u011f\u0131n\u0131 toz, s\u0259s-k\u00fcy v\u0259 vibrasiya testl\u0259rinin apar\u0131ld\u0131\u011f\u0131n\u0131 diqq\u0259t\u0259 \u00e7atd\u0131r\u0131b. C\u0259miyy\u0259tin qabaqc\u0131l istehsal texnologiyalar\u0131n transferi, elmtutumlu\u00a0v\u0259 \u00a0innovativ yana\u015fmalar\u0131n geni\u015f t\u0259tbiqind\u0259 maraql\u0131 oldu\u011fu qeyd ed\u0259n Z.\u0130brahimov \u015firk\u0259tin n\u00fcmay\u0259nd\u0259l\u0259rini hasilat sah\u0259l\u0259ri il\u0259 tan\u0131\u015fl\u0131\u011fa d\u0259v\u0259t edib. \u00a0<\/p>\n\n\n\n<figure class=\"wp-block-gallery has-nested-images columns-default is-cropped wp-block-gallery-1 is-layout-flex wp-block-gallery-is-layout-flex\">\n<figure class=\"wp-block-image size-large\"><a href=\"https:\/\/rockvell.com\/wp-content\/uploads\/2023\/03\/2-4.jpg\" target=\"_blank\" rel=\"noopener\" data-rel=\"lightbox-gallery-vIboc9Ws\" data-rl_title=\"\" data-rl_caption=\"\" title=\"\"><img loading=\"lazy\" decoding=\"async\" width=\"1024\" height=\"650\" data-id=\"8764\" src=\"https:\/\/rockvell.com\/wp-content\/uploads\/2023\/03\/2-4-1024x650.jpg\" alt=\"\" class=\"wp-image-8764\" srcset=\"https:\/\/rockvell.com\/wp-content\/uploads\/2023\/03\/2-4-1024x650.jpg 1024w, https:\/\/rockvell.com\/wp-content\/uploads\/2023\/03\/2-4-300x190.jpg 300w, https:\/\/rockvell.com\/wp-content\/uploads\/2023\/03\/2-4-768x487.jpg 768w, https:\/\/rockvell.com\/wp-content\/uploads\/2023\/03\/2-4-360x228.jpg 360w, https:\/\/rockvell.com\/wp-content\/uploads\/2023\/03\/2-4.jpg 1390w\" sizes=\"(max-width: 1024px) 100vw, 1024px\" \/><\/a><\/figure>\n\n\n\n<figure class=\"wp-block-image size-large\"><a href=\"https:\/\/rockvell.com\/wp-content\/uploads\/2023\/03\/3-4.jpg\" target=\"_blank\" rel=\"noopener\" data-rel=\"lightbox-gallery-vIboc9Ws\" data-rl_title=\"\" data-rl_caption=\"\" title=\"\"><img loading=\"lazy\" decoding=\"async\" width=\"1024\" height=\"653\" data-id=\"8765\" src=\"https:\/\/rockvell.com\/wp-content\/uploads\/2023\/03\/3-4-1024x653.jpg\" alt=\"\" class=\"wp-image-8765\" srcset=\"https:\/\/rockvell.com\/wp-content\/uploads\/2023\/03\/3-4-1024x653.jpg 1024w, https:\/\/rockvell.com\/wp-content\/uploads\/2023\/03\/3-4-300x191.jpg 300w, https:\/\/rockvell.com\/wp-content\/uploads\/2023\/03\/3-4-768x490.jpg 768w, https:\/\/rockvell.com\/wp-content\/uploads\/2023\/03\/3-4-360x230.jpg 360w, https:\/\/rockvell.com\/wp-content\/uploads\/2023\/03\/3-4.jpg 1453w\" sizes=\"(max-width: 1024px) 100vw, 1024px\" \/><\/a><\/figure>\n<\/figure>\n\n\n\n<p>Sonda qar\u015f\u0131l\u0131ql\u0131 maraq do\u011furan m\u0259s\u0259l\u0259l\u0259r \u0259traf\u0131nda geni\u015f fikir m\u00fcbadil\u0259si apar\u0131l\u0131b. \u0130ki \u00f6lk\u0259 aras\u0131nda iqtisadi \u0259m\u0259kda\u015fl\u0131\u011f\u0131n qiym\u0259tl\u0259ndirilm\u0259si bax\u0131mdan g\u00f6r\u00fc\u015f\u00fcn olduqca faydal\u0131 oldu\u011fu diqq\u0259t\u0259 \u00e7atd\u0131r\u0131l\u0131b.<\/p>\n","protected":false},"excerpt":{"rendered":"<p>\u201cAzerGold\u201d QSC-nin s\u0259dri Macar\u0131stan\u0131n \u00f6lk\u0259mizd\u0259ki f\u00f6vq\u0259lad\u0259 v\u0259 s\u0259lahiyy\u0259tli s\u0259firi il\u0259 g\u00f6r\u00fc\u015f\u00fcb \u201cAzerGold\u201d Qapal\u0131 S\u0259hmdar C\u0259miyy\u0259tinin (QSC) \u0130dar\u0259 Hey\u0259tinin s\u0259dri Zakir \u0130brahimov mart\u0131n 2-d\u0259 Macar\u0131stan\u0131n \u00f6lk\u0259mizd\u0259ki f\u00f6vq\u0259lad\u0259 v\u0259 s\u0259lahiyy\u0259tli s\u0259firi Tama\u015f Yojef Tormanla g\u00f6r\u00fc\u015f\u00fcb. S\u0259firliyin Ticar\u0259t&#8230;<\/p>\n","protected":false},"author":2,"featured_media":8763,"comment_status":"closed","ping_status":"closed","sticky":false,"template":"","format":"standard","meta":{"footnotes":""},"categories":[41,6],"tags":[],"aioseo_notices":[],"_links":{"self":[{"href":"https:\/\/rockvell.com\/index.php?rest_route=\/wp\/v2\/posts\/8762"}],"collection":[{"href":"https:\/\/rockvell.com\/index.php?rest_route=\/wp\/v2\/posts"}],"about":[{"href":"https:\/\/rockvell.com\/index.php?rest_route=\/wp\/v2\/types\/post"}],"author":[{"embeddable":true,"href":"https:\/\/rockvell.com\/index.php?rest_route=\/wp\/v2\/users\/2"}],"replies":[{"embeddable":true,"href":"https:\/\/rockvell.com\/index.php?rest_route=%2Fwp%2Fv2%2Fcomments&post=8762"}],"version-history":[{"count":2,"href":"https:\/\/rockvell.com\/index.php?rest_route=\/wp\/v2\/posts\/8762\/revisions"}],"predecessor-version":[{"id":8767,"href":"https:\/\/rockvell.com\/index.php?rest_route=\/wp\/v2\/posts\/8762\/revisions\/8767"}],"wp:featuredmedia":[{"embeddable":true,"href":"https:\/\/rockvell.com\/index.php?rest_route=\/wp\/v2\/media\/8763"}],"wp:attachment":[{"href":"https:\/\/rockvell.com\/index.php?rest_route=%2Fwp%2Fv2%2Fmedia&parent=8762"}],"wp:term":[{"taxonomy":"category","embeddable":true,"href":"https:\/\/rockvell.com\/index.php?rest_route=%2Fwp%2Fv2%2Fcategories&post=8762"},{"taxonomy":"post_tag","embeddable":true,"href":"https:\/\/rockvell.com\/index.php?rest_route=%2Fwp%2Fv2%2Ftags&post=8762"}],"curies":[{"name":"wp","href":"https:\/\/api.w.org\/{rel}","templated":true}]}}